{"id":26307,"date":"2022-10-11T11:24:01","date_gmt":"2022-10-11T11:24:01","guid":{"rendered":"https:\/\/www.checkedholidays.com\/kiedy-jechac-pogoda-teneryfa\/"},"modified":"2025-03-06T15:21:23","modified_gmt":"2025-03-06T15:21:23","slug":"kiedy-jechac-pogoda-teneryfa","status":"publish","type":"post","link":"https:\/\/www.checkedholidays.com\/pl\/kiedy-jechac-pogoda-teneryfa\/","title":{"rendered":"Teneryfa: Pogoda i kiedy jecha\u0107"},"content":{"rendered":"\n<div id=\"ez-toc-container\" class=\"ez-toc-v2_0_82_2 counter-hierarchy ez-toc-counter ez-toc-custom ez-toc-container-direction\">\n<div class=\"ez-toc-title-container\">\n<p class=\"ez-toc-title\" style=\"cursor:inherit\">Table of Contents<\/p>\n<span class=\"ez-toc-title-toggle\"><a href=\"#\" class=\"ez-toc-pull-right ez-toc-btn ez-toc-btn-xs ez-toc-btn-default ez-toc-toggle\" aria-label=\"Prze\u0142\u0105cznik Spisu Tre\u015bci\"><span class=\"ez-toc-js-icon-con\"><span class=\"\"><span class=\"eztoc-hide\" style=\"display:none;\">Toggle<\/span><span class=\"ez-toc-icon-toggle-span\"><svg style=\"fill: #999;color:#999\" xmlns=\"http:\/\/www.w3.org\/2000\/svg\" class=\"list-377408\" width=\"20px\" height=\"20px\" viewBox=\"0 0 24 24\" fill=\"none\"><path d=\"M6 6H4v2h2V6zm14 0H8v2h12V6zM4 11h2v2H4v-2zm16 0H8v2h12v-2zM4 16h2v2H4v-2zm16 0H8v2h12v-2z\" fill=\"currentColor\"><\/path><\/svg><svg style=\"fill: #999;color:#999\" class=\"arrow-unsorted-368013\" xmlns=\"http:\/\/www.w3.org\/2000\/svg\" width=\"10px\" height=\"10px\" viewBox=\"0 0 24 24\" version=\"1.2\" baseProfile=\"tiny\"><path d=\"M18.2 9.3l-6.2-6.3-6.2 6.3c-.2.2-.3.4-.3.7s.1.5.3.7c.2.2.4.3.7.3h11c.3 0 .5-.1.7-.3.2-.2.3-.5.3-.7s-.1-.5-.3-.7zM5.8 14.7l6.2 6.3 6.2-6.3c.2-.2.3-.5.3-.7s-.1-.5-.3-.7c-.2-.2-.4-.3-.7-.3h-11c-.3 0-.5.1-.7.3-.2.2-.3.5-.3.7s.1.5.3.7z\"\/><\/svg><\/span><\/span><\/span><\/a><\/span><\/div>\n<nav><ul class='ez-toc-list ez-toc-list-level-1 eztoc-toggle-hide-by-default' ><li class='ez-toc-page-1 ez-toc-heading-level-2'><a class=\"ez-toc-link ez-toc-heading-1\" href=\"https:\/\/www.checkedholidays.com\/pl\/kiedy-jechac-pogoda-teneryfa\/#Kiedy_wybrac_sie_na_wakacje_na_Teneryfe\" >Kiedy wybra\u0107 si\u0119 na wakacje na Teneryf\u0119?<\/a><\/li><li class='ez-toc-page-1 ez-toc-heading-level-2'><a class=\"ez-toc-link ez-toc-heading-2\" href=\"https:\/\/www.checkedholidays.com\/pl\/kiedy-jechac-pogoda-teneryfa\/#Pogoda_na_Teneryfie\" >Pogoda na Teneryfie<\/a><ul class='ez-toc-list-level-3' ><li class='ez-toc-heading-level-3'><a class=\"ez-toc-link ez-toc-heading-3\" href=\"https:\/\/www.checkedholidays.com\/pl\/kiedy-jechac-pogoda-teneryfa\/#Temperatura\" >Temperatura<\/a><\/li><li class='ez-toc-page-1 ez-toc-heading-level-3'><a class=\"ez-toc-link ez-toc-heading-4\" href=\"https:\/\/www.checkedholidays.com\/pl\/kiedy-jechac-pogoda-teneryfa\/#Swiatlo_dzienne_i_godziny_naslonecznienia\" >\u015awiat\u0142o dzienne i godziny nas\u0142onecznienia<\/a><\/li><li class='ez-toc-page-1 ez-toc-heading-level-3'><a class=\"ez-toc-link ez-toc-heading-5\" href=\"https:\/\/www.checkedholidays.com\/pl\/kiedy-jechac-pogoda-teneryfa\/#Opady_deszczu_i_dni_deszczowe\" >Opady deszczu i dni deszczowe<\/a><\/li><li class='ez-toc-page-1 ez-toc-heading-level-3'><a class=\"ez-toc-link ez-toc-heading-6\" href=\"https:\/\/www.checkedholidays.com\/pl\/kiedy-jechac-pogoda-teneryfa\/#Temperatura_morza\" >Temperatura morza<\/a><\/li><\/ul><\/li><li class='ez-toc-page-1 ez-toc-heading-level-2'><a class=\"ez-toc-link ez-toc-heading-7\" href=\"https:\/\/www.checkedholidays.com\/pl\/kiedy-jechac-pogoda-teneryfa\/#Teneryfa_wedlug_miesiecy\" >Teneryfa wed\u0142ug miesi\u0119cy<\/a><ul class='ez-toc-list-level-3' ><li class='ez-toc-heading-level-3'><a class=\"ez-toc-link ez-toc-heading-8\" href=\"https:\/\/www.checkedholidays.com\/pl\/kiedy-jechac-pogoda-teneryfa\/#Styczen_%E2%80%93_najlepszy_na_zimowe_ucieczki\" >Stycze\u0144 &#8211; najlepszy na zimowe ucieczki<\/a><\/li><li class='ez-toc-page-1 ez-toc-heading-level-3'><a class=\"ez-toc-link ez-toc-heading-9\" href=\"https:\/\/www.checkedholidays.com\/pl\/kiedy-jechac-pogoda-teneryfa\/#Luty_%E2%80%93_Tansze_zimowe_ucieczki\" >Luty &#8211; Ta\u0144sze zimowe ucieczki<\/a><\/li><li class='ez-toc-page-1 ez-toc-heading-level-3'><a class=\"ez-toc-link ez-toc-heading-10\" href=\"https:\/\/www.checkedholidays.com\/pl\/kiedy-jechac-pogoda-teneryfa\/#Marzec_%E2%80%93_mniej_tlumow_i_swietne_oferty\" >Marzec &#8211; mniej t\u0142um\u00f3w i \u015bwietne oferty<\/a><\/li><li class='ez-toc-page-1 ez-toc-heading-level-3'><a class=\"ez-toc-link ez-toc-heading-11\" href=\"https:\/\/www.checkedholidays.com\/pl\/kiedy-jechac-pogoda-teneryfa\/#Kwiecien_%E2%80%93_Swieta_Wielkanocne\" >Kwiecie\u0144 &#8211; \u015awi\u0119ta Wielkanocne<\/a><\/li><li class='ez-toc-page-1 ez-toc-heading-level-3'><a class=\"ez-toc-link ez-toc-heading-12\" href=\"https:\/\/www.checkedholidays.com\/pl\/kiedy-jechac-pogoda-teneryfa\/#Maj_%E2%80%93_Najtansze\" >Maj &#8211; Najta\u0144sze<\/a><\/li><li class='ez-toc-page-1 ez-toc-heading-level-3'><a class=\"ez-toc-link ez-toc-heading-13\" href=\"https:\/\/www.checkedholidays.com\/pl\/kiedy-jechac-pogoda-teneryfa\/#Czerwiec_%E2%80%93_Letnia_pogoda_ale_jeszcze_niezbyt_tloczno\" >Czerwiec &#8211; Letnia pogoda, ale jeszcze niezbyt t\u0142oczno<\/a><\/li><li class='ez-toc-page-1 ez-toc-heading-level-3'><a class=\"ez-toc-link ez-toc-heading-14\" href=\"https:\/\/www.checkedholidays.com\/pl\/kiedy-jechac-pogoda-teneryfa\/#Lipiec_%E2%80%93_szczyt_sezonu_letniego_z_upalna_pogoda\" >Lipiec &#8211; szczyt sezonu letniego z upaln\u0105 pogod\u0105<\/a><\/li><li class='ez-toc-page-1 ez-toc-heading-level-3'><a class=\"ez-toc-link ez-toc-heading-15\" href=\"https:\/\/www.checkedholidays.com\/pl\/kiedy-jechac-pogoda-teneryfa\/#Sierpien_%E2%80%93_idealny_na_rodzinne_wakacje_na_plazy\" >Sierpie\u0144 &#8211; idealny na rodzinne wakacje na pla\u017cy<\/a><\/li><li class='ez-toc-page-1 ez-toc-heading-level-3'><a class=\"ez-toc-link ez-toc-heading-16\" href=\"https:\/\/www.checkedholidays.com\/pl\/kiedy-jechac-pogoda-teneryfa\/#Wrzesien_%E2%80%93_swietna_pogoda_nizsze_ceny_i_mnostwo_klubowiczow\" >Wrzesie\u0144 &#8211; \u015bwietna pogoda, ni\u017csze ceny i mn\u00f3stwo klubowicz\u00f3w<\/a><\/li><li class='ez-toc-page-1 ez-toc-heading-level-3'><a class=\"ez-toc-link ez-toc-heading-17\" href=\"https:\/\/www.checkedholidays.com\/pl\/kiedy-jechac-pogoda-teneryfa\/#Pazdziernik_%E2%80%93_Jesienne_slonce_ale_wciaz_cieplo\" >Pa\u017adziernik &#8211; Jesienne s\u0142o\u0144ce, ale wci\u0105\u017c ciep\u0142o<\/a><\/li><li class='ez-toc-page-1 ez-toc-heading-level-3'><a class=\"ez-toc-link ez-toc-heading-18\" href=\"https:\/\/www.checkedholidays.com\/pl\/kiedy-jechac-pogoda-teneryfa\/#Listopad_%E2%80%93_ochlodzenie_ale_nadal_odpowiednie_na_plaze\" >Listopad &#8211; och\u0142odzenie, ale nadal odpowiednie na pla\u017c\u0119<\/a><\/li><li class='ez-toc-page-1 ez-toc-heading-level-3'><a class=\"ez-toc-link ez-toc-heading-19\" href=\"https:\/\/www.checkedholidays.com\/pl\/kiedy-jechac-pogoda-teneryfa\/#Grudzien_%E2%80%93_Zimowe_slonce_na_przerwe_swiateczna\" >Grudzie\u0144 &#8211; Zimowe s\u0142o\u0144ce na przerw\u0119 \u015bwi\u0105teczn\u0105<\/a><\/li><\/ul><\/li><\/ul><\/nav><\/div>\n<h2 class=\"wp-block-heading\" id=\"tenerife-price-by-month\"><span class=\"ez-toc-section\" id=\"Kiedy_wybrac_sie_na_wakacje_na_Teneryfe\"><\/span>Kiedy wybra\u0107 si\u0119 na wakacje na Teneryf\u0119?<span class=\"ez-toc-section-end\"><\/span><\/h2>\n\n<ul class=\"wp-block-list\">\n<li>Najta\u0144sze miesi\u0105ce na podr\u00f3\u017c do Teneryfy to <a href=\"#May\">maj<\/a>, <a href=\"#October\">pa\u017adziernik<\/a> i <a href=\"#November\">listopad<\/a>.<\/li>\n\n\n\n<li>Miesi\u0105ce o najlepszym stosunku jako\u015bci do ceny to <a href=\"#June\">czerwiec<\/a> i <a href=\"#September\">wrzesie\u0144<\/a>, ze \u015bwietn\u0105 pogod\u0105 i mniejszym t\u0142umem.<\/li>\n\n\n\n<li>Je\u015bli chodzi o najlepsz\u0105 pogod\u0119, <a href=\"#July\">lipiec<\/a> i <a href=\"#August\">sierpie\u0144<\/a> s\u0105 najlepsze, ale tak\u017ce jedne z najdro\u017cszych.<\/li>\n\n\n\n<li>Zimowe miesi\u0105ce &#8211; <a href=\"#December\">grudzie\u0144<\/a>, <a href=\"#January\">stycze\u0144<\/a> i <a href=\"#February\">luty<\/a> &#8211; s\u0105 idealne na zimowe ucieczki.<\/li>\n\n\n\n<li><a href=\"#March\">Marzec<\/a> i <a href=\"#April\">kwiecie\u0144<\/a> to miesi\u0105ce z uczciwymi cenami i \u015bwietne, aby uciec od d\u0142ugich zim w ch\u0142odniejszych krajach europejskich.<\/li>\n\n\n\n<li>Wszystkie tygodnie, w kt\u00f3rych przypadaj\u0105 europejskie wakacje szkolne, maj\u0105 znacznie wy\u017csze ceny ni\u017c te, w kt\u00f3rych ich nie ma.<\/li>\n<\/ul>\n\n<figure class=\"wp-block-image size-full\"><img data-recalc-dims=\"1\" loading=\"lazy\" decoding=\"async\" width=\"846\" height=\"388\" src=\"https:\/\/i0.wp.com\/www.checkedholidays.com\/wp-content\/uploads\/2020\/12\/Tenerife-pricing-and-weahter-by-month.png?resize=846%2C388&#038;ssl=1\" alt=\"Przegl&#x105;d pogody i cen na Teneryfie wed&#x142;ug miesi&#x119;cy.\" class=\"wp-image-102891\" srcset=\"https:\/\/i0.wp.com\/www.checkedholidays.com\/wp-content\/uploads\/2020\/12\/Tenerife-pricing-and-weahter-by-month.png?w=846&amp;ssl=1 846w, https:\/\/i0.wp.com\/www.checkedholidays.com\/wp-content\/uploads\/2020\/12\/Tenerife-pricing-and-weahter-by-month.png?resize=300%2C138&amp;ssl=1 300w, https:\/\/i0.wp.com\/www.checkedholidays.com\/wp-content\/uploads\/2020\/12\/Tenerife-pricing-and-weahter-by-month.png?resize=768%2C352&amp;ssl=1 768w, https:\/\/i0.wp.com\/www.checkedholidays.com\/wp-content\/uploads\/2020\/12\/Tenerife-pricing-and-weahter-by-month.png?resize=600%2C275&amp;ssl=1 600w, https:\/\/i0.wp.com\/www.checkedholidays.com\/wp-content\/uploads\/2020\/12\/Tenerife-pricing-and-weahter-by-month.png?resize=800%2C367&amp;ssl=1 800w\" sizes=\"auto, (max-width: 846px) 100vw, 846px\" \/><figcaption class=\"wp-element-caption\">Przegl\u0105d pogody i cen w Teneryfie wed\u0142ug miesi\u0119cy. \u015arednia temperatura w dzie\u0144, deszczowe dni, s\u0142oneczne dni, temperatura morza (Celsjusz) i cena. <\/figcaption><\/figure>\n\n<h2 class=\"wp-block-heading\"><span class=\"ez-toc-section\" id=\"Pogoda_na_Teneryfie\"><\/span>Pogoda na Teneryfie<span class=\"ez-toc-section-end\"><\/span><\/h2>\n\n<h3 class=\"wp-block-heading\" id=\"temperature\"><span class=\"ez-toc-section\" id=\"Temperatura\"><\/span>Temperatura<span class=\"ez-toc-section-end\"><\/span><\/h3>\n\n<figure class=\"wp-block-image size-large\"><img data-recalc-dims=\"1\" loading=\"lazy\" decoding=\"async\" width=\"1024\" height=\"628\" src=\"https:\/\/i0.wp.com\/www.checkedholidays.com\/wp-content\/uploads\/2021\/12\/Tenerife-Weather-Temperature-low-high-celcius.png?resize=1024%2C628&#038;ssl=1\" alt=\"\" class=\"wp-image-9308\" srcset=\"https:\/\/i0.wp.com\/www.checkedholidays.com\/wp-content\/uploads\/2021\/12\/Tenerife-Weather-Temperature-low-high-celcius.png?resize=1024%2C628&amp;ssl=1 1024w, https:\/\/i0.wp.com\/www.checkedholidays.com\/wp-content\/uploads\/2021\/12\/Tenerife-Weather-Temperature-low-high-celcius.png?resize=300%2C184&amp;ssl=1 300w, https:\/\/i0.wp.com\/www.checkedholidays.com\/wp-content\/uploads\/2021\/12\/Tenerife-Weather-Temperature-low-high-celcius.png?resize=768%2C471&amp;ssl=1 768w, https:\/\/i0.wp.com\/www.checkedholidays.com\/wp-content\/uploads\/2021\/12\/Tenerife-Weather-Temperature-low-high-celcius.png?resize=600%2C368&amp;ssl=1 600w, https:\/\/i0.wp.com\/www.checkedholidays.com\/wp-content\/uploads\/2021\/12\/Tenerife-Weather-Temperature-low-high-celcius.png?resize=800%2C490&amp;ssl=1 800w, https:\/\/i0.wp.com\/www.checkedholidays.com\/wp-content\/uploads\/2021\/12\/Tenerife-Weather-Temperature-low-high-celcius.png?w=1168&amp;ssl=1 1168w\" sizes=\"auto, (max-width: 1024px) 100vw, 1024px\" \/><figcaption class=\"wp-element-caption\">Temperatura wed\u0142ug miesi\u0119cy w Teneryfie (\u015brednie wysokie i niskie, Celsjusze)<\/figcaption><\/figure>\n\n<p class=\"wp-block-paragraph\">Najgor\u0119tsze miesi\u0105ce letnie to czerwiec, lipiec, sierpie\u0144, wrzesie\u0144 i pa\u017adziernik. Pa\u017adziernik jest jednak pierwszym miesi\u0105cem, w kt\u00f3rym zn\u00f3w zaczyna pada\u0107, wi\u0119c je\u015bli szukasz gor\u0105cej i s\u0142onecznej pogody na pla\u017cy, mo\u017cesz chcie\u0107 unikn\u0105\u0107 tego miesi\u0105ca.<\/p>\n\n<h3 class=\"wp-block-heading\" id=\"daylight-and-sunshine-hour\"><span class=\"ez-toc-section\" id=\"Swiatlo_dzienne_i_godziny_naslonecznienia\"><\/span>\u015awiat\u0142o dzienne i godziny nas\u0142onecznienia<span class=\"ez-toc-section-end\"><\/span><\/h3>\n\n<figure class=\"wp-block-image size-full\"><img data-recalc-dims=\"1\" loading=\"lazy\" decoding=\"async\" width=\"1010\" height=\"622\" src=\"https:\/\/i0.wp.com\/www.checkedholidays.com\/wp-content\/uploads\/2022\/01\/Tenerife-Weather-Sunshine-and-daylight-.png?resize=1010%2C622&#038;ssl=1\" alt=\"\" class=\"wp-image-11506\" srcset=\"https:\/\/i0.wp.com\/www.checkedholidays.com\/wp-content\/uploads\/2022\/01\/Tenerife-Weather-Sunshine-and-daylight-.png?w=1010&amp;ssl=1 1010w, https:\/\/i0.wp.com\/www.checkedholidays.com\/wp-content\/uploads\/2022\/01\/Tenerife-Weather-Sunshine-and-daylight-.png?resize=300%2C185&amp;ssl=1 300w, https:\/\/i0.wp.com\/www.checkedholidays.com\/wp-content\/uploads\/2022\/01\/Tenerife-Weather-Sunshine-and-daylight-.png?resize=768%2C473&amp;ssl=1 768w, https:\/\/i0.wp.com\/www.checkedholidays.com\/wp-content\/uploads\/2022\/01\/Tenerife-Weather-Sunshine-and-daylight-.png?resize=600%2C370&amp;ssl=1 600w, https:\/\/i0.wp.com\/www.checkedholidays.com\/wp-content\/uploads\/2022\/01\/Tenerife-Weather-Sunshine-and-daylight-.png?resize=800%2C493&amp;ssl=1 800w\" sizes=\"auto, (max-width: 1010px) 100vw, 1010px\" \/><figcaption class=\"wp-element-caption\">Godziny nas\u0142onecznienia i \u015bwiat\u0142a dziennego w poszczeg\u00f3lnych miesi\u0105cach na Teneryfie<\/figcaption><\/figure>\n\n<p class=\"wp-block-paragraph\">Czerwiec, lipiec i sierpie\u0144 to najbardziej s\u0142oneczne dni na Teneryfie. Ale og\u00f3lnie rzecz bior\u0105c, Teneryfa jest miejscem s\u0142onecznym przez ca\u0142y rok. Szczeg\u00f3lnie na po\u0142udniu wyspy.<\/p>\n\n<h3 class=\"wp-block-heading\" id=\"daylight-and-sunshine-hour\"><span class=\"ez-toc-section\" id=\"Opady_deszczu_i_dni_deszczowe\"><\/span>Opady deszczu i dni deszczowe<span class=\"ez-toc-section-end\"><\/span><\/h3>\n\n<figure class=\"wp-block-image size-large\"><img data-recalc-dims=\"1\" loading=\"lazy\" decoding=\"async\" width=\"1024\" height=\"634\" src=\"https:\/\/i0.wp.com\/www.checkedholidays.com\/wp-content\/uploads\/2021\/12\/Tenerife-Weather-Rainfall-mm.png?resize=1024%2C634&#038;ssl=1\" alt=\"\" class=\"wp-image-9314\" srcset=\"https:\/\/i0.wp.com\/www.checkedholidays.com\/wp-content\/uploads\/2021\/12\/Tenerife-Weather-Rainfall-mm.png?resize=1024%2C634&amp;ssl=1 1024w, https:\/\/i0.wp.com\/www.checkedholidays.com\/wp-content\/uploads\/2021\/12\/Tenerife-Weather-Rainfall-mm.png?resize=300%2C186&amp;ssl=1 300w, https:\/\/i0.wp.com\/www.checkedholidays.com\/wp-content\/uploads\/2021\/12\/Tenerife-Weather-Rainfall-mm.png?resize=768%2C476&amp;ssl=1 768w, https:\/\/i0.wp.com\/www.checkedholidays.com\/wp-content\/uploads\/2021\/12\/Tenerife-Weather-Rainfall-mm.png?resize=600%2C372&amp;ssl=1 600w, https:\/\/i0.wp.com\/www.checkedholidays.com\/wp-content\/uploads\/2021\/12\/Tenerife-Weather-Rainfall-mm.png?resize=800%2C496&amp;ssl=1 800w, https:\/\/i0.wp.com\/www.checkedholidays.com\/wp-content\/uploads\/2021\/12\/Tenerife-Weather-Rainfall-mm.png?w=1162&amp;ssl=1 1162w\" sizes=\"auto, (max-width: 1024px) 100vw, 1024px\" \/><figcaption class=\"wp-element-caption\">Opady deszczu na Teneryfie w poszczeg\u00f3lnych miesi\u0105cach (mm)<\/figcaption><\/figure>\n\n<p class=\"wp-block-paragraph\">Listopad, grudzie\u0144, stycze\u0144 i luty to najbardziej deszczowe miesi\u0105ce na Teneryfie. Jednak wi\u0119kszo\u015b\u0107 tego deszczu spada na p\u00f3\u0142nocy i w g\u00f3rach, z dala od bardziej popularnych obszar\u00f3w wakacyjnych. Nie ma si\u0119 wi\u0119c czym martwi\u0107, je\u015bli wybierasz si\u0119 na po\u0142udnie na wakacje, jak wi\u0119kszo\u015b\u0107 ludzi. <\/p>\n\n<figure class=\"wp-block-image size-large\"><img data-recalc-dims=\"1\" loading=\"lazy\" decoding=\"async\" width=\"1024\" height=\"640\" src=\"https:\/\/i0.wp.com\/www.checkedholidays.com\/wp-content\/uploads\/2021\/12\/Tenerife-Weather-Rainy-days.png?resize=1024%2C640&#038;ssl=1\" alt=\"\" class=\"wp-image-9318\" srcset=\"https:\/\/i0.wp.com\/www.checkedholidays.com\/wp-content\/uploads\/2021\/12\/Tenerife-Weather-Rainy-days.png?resize=1024%2C640&amp;ssl=1 1024w, https:\/\/i0.wp.com\/www.checkedholidays.com\/wp-content\/uploads\/2021\/12\/Tenerife-Weather-Rainy-days.png?resize=300%2C187&amp;ssl=1 300w, https:\/\/i0.wp.com\/www.checkedholidays.com\/wp-content\/uploads\/2021\/12\/Tenerife-Weather-Rainy-days.png?resize=768%2C480&amp;ssl=1 768w, https:\/\/i0.wp.com\/www.checkedholidays.com\/wp-content\/uploads\/2021\/12\/Tenerife-Weather-Rainy-days.png?resize=600%2C375&amp;ssl=1 600w, https:\/\/i0.wp.com\/www.checkedholidays.com\/wp-content\/uploads\/2021\/12\/Tenerife-Weather-Rainy-days.png?resize=800%2C500&amp;ssl=1 800w, https:\/\/i0.wp.com\/www.checkedholidays.com\/wp-content\/uploads\/2021\/12\/Tenerife-Weather-Rainy-days.png?w=1146&amp;ssl=1 1146w\" sizes=\"auto, (max-width: 1024px) 100vw, 1024px\" \/><figcaption class=\"wp-element-caption\">Deszczowe dni w poszczeg\u00f3lnych miesi\u0105cach na Teneryfie<\/figcaption><\/figure>\n\n<p class=\"wp-block-paragraph\">W maju, czerwcu, lipcu, sierpniu i wrze\u015bniu na Teneryfie zazwyczaj nie wyst\u0119puj\u0105 opady deszczu. Tak wi\u0119c, szczeg\u00f3lnie na po\u0142udniu wyspy, mo\u017cesz mie\u0107 niemal gwarancj\u0119 czystego, s\u0142onecznego i suchego nieba.<\/p>\n\n<h3 class=\"wp-block-heading\" id=\"sea-temperature\"><span class=\"ez-toc-section\" id=\"Temperatura_morza\"><\/span>Temperatura morza<span class=\"ez-toc-section-end\"><\/span><\/h3>\n\n<figure class=\"wp-block-image size-large\"><img data-recalc-dims=\"1\" loading=\"lazy\" decoding=\"async\" width=\"1024\" height=\"633\" src=\"https:\/\/i0.wp.com\/www.checkedholidays.com\/wp-content\/uploads\/2021\/12\/Tenerife-Weather-Water-temperature-celcius.png?resize=1024%2C633&#038;ssl=1\" alt=\"\" class=\"wp-image-9322\" srcset=\"https:\/\/i0.wp.com\/www.checkedholidays.com\/wp-content\/uploads\/2021\/12\/Tenerife-Weather-Water-temperature-celcius.png?resize=1024%2C633&amp;ssl=1 1024w, https:\/\/i0.wp.com\/www.checkedholidays.com\/wp-content\/uploads\/2021\/12\/Tenerife-Weather-Water-temperature-celcius.png?resize=300%2C185&amp;ssl=1 300w, https:\/\/i0.wp.com\/www.checkedholidays.com\/wp-content\/uploads\/2021\/12\/Tenerife-Weather-Water-temperature-celcius.png?resize=768%2C475&amp;ssl=1 768w, https:\/\/i0.wp.com\/www.checkedholidays.com\/wp-content\/uploads\/2021\/12\/Tenerife-Weather-Water-temperature-celcius.png?resize=600%2C371&amp;ssl=1 600w, https:\/\/i0.wp.com\/www.checkedholidays.com\/wp-content\/uploads\/2021\/12\/Tenerife-Weather-Water-temperature-celcius.png?resize=800%2C495&amp;ssl=1 800w, https:\/\/i0.wp.com\/www.checkedholidays.com\/wp-content\/uploads\/2021\/12\/Tenerife-Weather-Water-temperature-celcius.png?w=1158&amp;ssl=1 1158w\" sizes=\"auto, (max-width: 1024px) 100vw, 1024px\" \/><figcaption class=\"wp-element-caption\">Temperatura wody morskiej w poszczeg\u00f3lnych miesi\u0105cach na Teneryfie (Celsjusze)<\/figcaption><\/figure>\n\n<p class=\"wp-block-paragraph\">Woda morska na Teneryfie utrzymuje si\u0119 na sta\u0142ym poziomie przez ca\u0142y rok i oferuje komfortow\u0105 temperatur\u0119 do p\u0142ywania. Jednak w lutym i marcu dla niekt\u00f3rych mo\u017ce by\u0107 zbyt zimno. Wiele hoteli ma podgrzewane baseny, kt\u00f3re pomagaj\u0105 w tych miesi\u0105cach. <\/p>\n\n<h2 class=\"wp-block-heading\"><span class=\"ez-toc-section\" id=\"Teneryfa_wedlug_miesiecy\"><\/span>Teneryfa wed\u0142ug miesi\u0119cy<span class=\"ez-toc-section-end\"><\/span><\/h2>\n\n<h3 class=\"wp-block-heading\" id=\"January\"><span class=\"ez-toc-section\" id=\"Styczen_%E2%80%93_najlepszy_na_zimowe_ucieczki\"><\/span>Stycze\u0144 &#8211; najlepszy na zimowe ucieczki<span class=\"ez-toc-section-end\"><\/span><\/h3>\n\n<p class=\"wp-block-paragraph\">\u2600\ufe0f Stycze\u0144 na Teneryfie jest przyjemnie \u0142agodny i idealny na zimow\u0105 ucieczk\u0119, ale niekt\u00f3rzy mog\u0105 nie uzna\u0107 go za pogod\u0119 pla\u017cow\u0105. \u015arednia temperatura w ci\u0105gu dnia b\u0119dzie wynosi\u0107 oko\u0142o 20\u00b0C. <\/p>\n\n<p class=\"wp-block-paragraph\">? Szczeg\u00f3lnie w okresie Nowego Roku i wakacji szkolnych, na pocz\u0105tku miesi\u0105ca, jest bardzo drogo. Lepsze oferty wakacyjne mo\u017cna zwykle znale\u017a\u0107 pod koniec miesi\u0105ca. <\/p>\n\n<p class=\"wp-block-paragraph\">? Mo\u017cesz unika\u0107 p\u00f3\u0142nocnej cz\u0119\u015bci wyspy w tym miesi\u0105cu, poniewa\u017c w miejscach takich jak Puerto de la Cruz b\u0119dzie wi\u0119cej chmur i deszczu. Po\u0142udnie jest lepszym wyborem w tym miesi\u0105cu ze wzgl\u0119du na cieplejsz\u0105 i bardziej s\u0142oneczn\u0105 pogod\u0119. <\/p>\n\n<h3 class=\"wp-block-heading\" id=\"February\"><span class=\"ez-toc-section\" id=\"Luty_%E2%80%93_Tansze_zimowe_ucieczki\"><\/span>Luty &#8211; Ta\u0144sze zimowe ucieczki<span class=\"ez-toc-section-end\"><\/span><\/h3>\n\n<p class=\"wp-block-paragraph\">\u2600\ufe0f Luty jest najzimniejszym miesi\u0105cem w roku ze \u015bredni\u0105 temperatur\u0105 w ci\u0105gu dnia wynosz\u0105c\u0105 19\u00b0C. Nadal jest to jednak dobry czas na zimow\u0105 ucieczk\u0119, ale nie ka\u017cdy nazwie to pla\u017cow\u0105 pogod\u0105. <\/p>\n\n<p class=\"wp-block-paragraph\">? Ceny nale\u017c\u0105 do najwy\u017cszych w roku, szczeg\u00f3lnie w popularnym okresie karnawa\u0142u.<\/p>\n\n<p class=\"wp-block-paragraph\">?Aby uzyska\u0107 najlepsz\u0105 pogod\u0119, najlepiej pozosta\u0107 na po\u0142udniu, ale je\u015bli jeste\u015b tu na karnawa\u0142, Santa Cruz i Puerto de la Cruz s\u0105 najlepszymi opcjami. Miejsca takie jak El Medano, Las Galletas, Costa del Silencio i Golf del Sur najlepiej omija\u0107 w tych miesi\u0105cach, aby unikn\u0105\u0107 wiatr\u00f3w, kt\u00f3re sprawiaj\u0105, \u017ce jest ch\u0142odniej. <\/p>\n\n<h3 class=\"wp-block-heading\" id=\"March\"><span class=\"ez-toc-section\" id=\"Marzec_%E2%80%93_mniej_tlumow_i_swietne_oferty\"><\/span>Marzec &#8211; mniej t\u0142um\u00f3w i \u015bwietne oferty<span class=\"ez-toc-section-end\"><\/span><\/h3>\n\n<p class=\"wp-block-paragraph\">\u2600\ufe0f W tym miesi\u0105cu robi si\u0119 cieplej, ze \u015bredni\u0105 temperatur\u0105 w ci\u0105gu dnia wynosz\u0105c\u0105 oko\u0142o 20\u00b0C i wi\u0119ksz\u0105 ilo\u015bci\u0105 s\u0142o\u0144ca. Jest to idealne miejsce na aktywne, s\u0142oneczne wakacje, ale kilka dni w miesi\u0105cu mo\u017ce nie by\u0107 idealn\u0105 pogod\u0105 na wakacje na pla\u017cy. <\/p>\n\n<p class=\"wp-block-paragraph\">? Marzec cz\u0119sto oferuje \u015bwietne oferty wakacyjne pomi\u0119dzy popularnym sezonem zimowym i przed \u015bwi\u0119tami wielkanocnymi. Ceny na Teneryfie w tym miesi\u0105cu s\u0105 \u015brednie. <\/p>\n\n<p class=\"wp-block-paragraph\">? Wi\u0119ksze i bardziej popularne miejsca wakacyjne na po\u0142udniu wyspy s\u0105 szczeg\u00f3lnie popularne w tym miesi\u0105cu, takie jak Costa Adeje, Los Cristianos i Playa de Las Americas, poniewa\u017c inne mog\u0105 czu\u0107 si\u0119 do\u015b\u0107 puste w tym czasie.<\/p>\n\n<h3 class=\"wp-block-heading\" id=\"April\"><span class=\"ez-toc-section\" id=\"Kwiecien_%E2%80%93_Swieta_Wielkanocne\"><\/span>Kwiecie\u0144 &#8211; \u015awi\u0119ta Wielkanocne<span class=\"ez-toc-section-end\"><\/span><\/h3>\n\n<p class=\"wp-block-paragraph\">\u2600\ufe0f Jest to pierwszy miesi\u0105c, w kt\u00f3rym zwykle jest ciep\u0142o, z \u0142adn\u0105 pogod\u0105 i \u015bredni\u0105 temperatur\u0105 w ci\u0105gu dnia wynosz\u0105c\u0105 20\u00b0C. \u015awietnie nadaje si\u0119 zar\u00f3wno na pla\u017c\u0119, jak i na aktywne wakacje. <\/p>\n\n<p class=\"wp-block-paragraph\">? \u015awi\u0119ta Wielkanocne, zazwyczaj w pierwszych 2 tygodniach kwietnia, s\u0105 jednymi z najdro\u017cszych tygodni na Teneryfie, wi\u0119c najlepiej ich unika\u0107, je\u015bli to mo\u017cliwe. W innych tygodniach ceny b\u0119d\u0105 \u015brednie. <\/p>\n\n<p class=\"wp-block-paragraph\">?W okresie Wielkanocy najlepiej szuka\u0107 ofert w mniejszych i mniej znanych miejscowo\u015bciach wypoczynkowych na Teneryfie, takich jak Puerto de Santiago, Los Gigantes, Golf del Sur i Costa del Silencio, aby uzyska\u0107 lepsze ceny.<\/p>\n\n<h3 class=\"wp-block-heading\" id=\"May\"><span class=\"ez-toc-section\" id=\"Maj_%E2%80%93_Najtansze\"><\/span>Maj &#8211; Najta\u0144sze<span class=\"ez-toc-section-end\"><\/span><\/h3>\n\n<p class=\"wp-block-paragraph\">\u2600\ufe0f Ciep\u0142a i sucha pogoda ze \u015brednimi temperaturami w ci\u0105gu dnia wynosz\u0105cymi oko\u0142o 21\u00b0C. Jest to r\u00f3wnie\u017c pierwszy miesi\u0105c w roku ca\u0142kowicie pozbawiony deszczowych dni. <\/p>\n\n<p class=\"wp-block-paragraph\">? Ceny s\u0105 zwykle jednymi z najni\u017cszych w roku, co czyni je idealnymi dla os\u00f3b z mniejszym bud\u017cetem.<\/p>\n\n<p class=\"wp-block-paragraph\">?Ka\u017cde miejsce na wyspie jest dobre, ale mo\u017cesz chcie\u0107 unikn\u0105\u0107 mniej znanych miejsc wakacyjnych na Teneryfie, poniewa\u017c w maju mog\u0105 one wydawa\u0107 si\u0119 nieco puste. Ponadto bary, restauracje i hotele, kt\u00f3re s\u0105 zamykane w ci\u0105gu roku z powodu remont\u00f3w lub wakacji, zwykle robi\u0105 to w maju. W mniejszych i mniej znanych miejscowo\u015bciach wypoczynkowych zauwa\u017cysz to bardziej.  <\/p>\n\n<h3 class=\"wp-block-heading\" id=\"June\"><span class=\"ez-toc-section\" id=\"Czerwiec_%E2%80%93_Letnia_pogoda_ale_jeszcze_niezbyt_tloczno\"><\/span>Czerwiec &#8211; Letnia pogoda, ale jeszcze niezbyt t\u0142oczno<span class=\"ez-toc-section-end\"><\/span><\/h3>\n\n<p class=\"wp-block-paragraph\">\u2600\ufe0f Pierwsza naprawd\u0119 gor\u0105ca letnia pogoda ze \u015bredni\u0105 temperatur\u0105 w ci\u0105gu dnia oko\u0142o 23\u00b0C, du\u017c\u0105 ilo\u015bci\u0105 s\u0142o\u0144ca i bez deszczu.<\/p>\n\n<p class=\"wp-block-paragraph\">? Czerwiec ma najlepsz\u0105 jako\u015b\u0107 cen. Ceny s\u0105 uczciwe, ale masz te\u017c \u015bwietn\u0105 pogod\u0119 i nie ma jeszcze letnich t\u0142um\u00f3w. <\/p>\n\n<p class=\"wp-block-paragraph\">?Ka\u017cde miejsce na wyspie jest doskona\u0142e.<\/p>\n\n<h3 class=\"wp-block-heading\" id=\"July\"><span class=\"ez-toc-section\" id=\"Lipiec_%E2%80%93_szczyt_sezonu_letniego_z_upalna_pogoda\"><\/span>Lipiec &#8211; szczyt sezonu letniego z upaln\u0105 pogod\u0105<span class=\"ez-toc-section-end\"><\/span><\/h3>\n\n<p class=\"wp-block-paragraph\">\u2600\ufe0f Wraz z sierpniem jest to najgor\u0119tszy, najbardziej suchy i najcieplejszy miesi\u0105c na wyspie, ze \u015bredni\u0105 temperatur\u0105 w ci\u0105gu dnia oko\u0142o 25\u00b0C. Ale ma r\u00f3wnie\u017c najwy\u017csz\u0105 warto\u015b\u0107 indeksu UV, wi\u0119c zdecydowanie no\u015b krem z filtrem przeciws\u0142onecznym. <\/p>\n\n<p class=\"wp-block-paragraph\">? Ceny s\u0105 najwy\u017csze, poniewa\u017c rozpoczyna si\u0119 letni szczyt sezonu wakacyjnego, w kt\u00f3rym wiele rodzin odwiedza wysp\u0119.<\/p>\n\n<p class=\"wp-block-paragraph\">?Ka\u017cde miejsce na Teneryfie jest doskona\u0142e. Jest to r\u00f3wnie\u017c idealny miesi\u0105c na odwiedzenie Puerto de la Cruz dla tych, kt\u00f3rzy chc\u0105 pozna\u0107 bardziej bujn\u0105 i zielon\u0105 Teneryf\u0119. Costa del Silencio, Golf del Sur i El Medano oferuj\u0105 przyjemny ch\u0142odz\u0105cy wiatr w czerwcu. Costa Adeje, Playa de Las Americas i Los Cristianos b\u0119d\u0105 w tym czasie bardzo zat\u0142oczone.   <\/p>\n\n<h3 class=\"wp-block-heading\" id=\"August\"><span class=\"ez-toc-section\" id=\"Sierpien_%E2%80%93_idealny_na_rodzinne_wakacje_na_plazy\"><\/span>Sierpie\u0144 &#8211; idealny na rodzinne wakacje na pla\u017cy<span class=\"ez-toc-section-end\"><\/span><\/h3>\n\n<p class=\"wp-block-paragraph\">\u2600\ufe0f Wraz z lipcem, najlepsza i najgor\u0119tsza pogoda ze \u015bredni\u0105 temperatur\u0105 w ci\u0105gu dnia oko\u0142o 26\u00b0C. Ale tak\u017ce ten miesi\u0105c ma wy\u017csz\u0105 warto\u015b\u0107 indeksu UV, wi\u0119c zdecydowanie chro\u0144 siebie i swoje dzieci za pomoc\u0105 filtr\u00f3w przeciws\u0142onecznych. <\/p>\n\n<p class=\"wp-block-paragraph\">? Ceny s\u0105 najwy\u017csze, poniewa\u017c rodziny zalewaj\u0105 wysp\u0119.<\/p>\n\n<p class=\"wp-block-paragraph\">?Ka\u017cde miejsce na Teneryfie jest doskona\u0142e. Je\u015bli chcesz uciec od czasami ekstremalnych temperatur, p\u00f3\u0142noc Teneryfy jest niesamowita w sierpniu. W tym miesi\u0105cu obszary takie jak Costa Adeje, Playa de Las Americas i Los Cristianos b\u0119d\u0105 zat\u0142oczone. Costa del Silencio, Golf del Sur i El Medano ciesz\u0105 si\u0119 ch\u0142odnymi wiatrami w sierpniu.     <\/p>\n\n<h3 class=\"wp-block-heading\" id=\"September\"><span class=\"ez-toc-section\" id=\"Wrzesien_%E2%80%93_swietna_pogoda_nizsze_ceny_i_mnostwo_klubowiczow\"><\/span>Wrzesie\u0144 &#8211; \u015bwietna pogoda, ni\u017csze ceny i mn\u00f3stwo klubowicz\u00f3w<span class=\"ez-toc-section-end\"><\/span><\/h3>\n\n<p class=\"wp-block-paragraph\">\u2600\ufe0f Bardzo podobna letnia pogoda jak w lipcu i sierpniu, ze \u015bredni\u0105 temperatur\u0105 w ci\u0105gu dnia oko\u0142o 25\u00b0C.<\/p>\n\n<p class=\"wp-block-paragraph\">? Ceny zaczynaj\u0105 spada\u0107 i wracaj\u0105 do \u015bredniej dla Teneryfy, szczeg\u00f3lnie pod koniec miesi\u0105ca, gdy dzieci wracaj\u0105 do szko\u0142y.<\/p>\n\n<p class=\"wp-block-paragraph\">?Ka\u017cde miejsce na Teneryfie jest doskona\u0142e w tym miesi\u0105cu.<\/p>\n\n<h3 class=\"wp-block-heading\" id=\"October\"><span class=\"ez-toc-section\" id=\"Pazdziernik_%E2%80%93_Jesienne_slonce_ale_wciaz_cieplo\"><\/span>Pa\u017adziernik &#8211; Jesienne s\u0142o\u0144ce, ale wci\u0105\u017c ciep\u0142o<span class=\"ez-toc-section-end\"><\/span><\/h3>\n\n<p class=\"wp-block-paragraph\">\u2600\ufe0f Nadal g\u0142\u00f3wnie ciep\u0142a letnia pogoda i ciep\u0142a woda morska, ale mo\u017cliwe jest kilka deszczowych dni i wi\u0119cej opad\u00f3w, zazwyczaj pod koniec miesi\u0105ca.<\/p>\n\n<p class=\"wp-block-paragraph\">? Ceny mog\u0105 by\u0107 do\u015b\u0107 niskie w tym miesi\u0105cu, z wyj\u0105tkiem wakacji szkolnych.<\/p>\n\n<p class=\"wp-block-paragraph\">?Ka\u017cde miejsce na wyspie jest dobre, ale mo\u017cesz zacz\u0105\u0107 unika\u0107 p\u00f3\u0142nocy, poniewa\u017c zacznie by\u0107 bardziej pochmurno i deszczowo, szczeg\u00f3lnie pod koniec miesi\u0105ca. Niekt\u00f3re bary, restauracje i hotele mog\u0105 by\u0107 zamkni\u0119te z powodu remont\u00f3w lub wakacji w tym miesi\u0105cu. Dlatego lepiej jest pozosta\u0107 w niekt\u00f3rych wi\u0119kszych miejscowo\u015bciach wypoczynkowych na wyspach, poniewa\u017c jest to mniej zauwa\u017calne.  <\/p>\n\n<h3 class=\"wp-block-heading\" id=\"November\"><span class=\"ez-toc-section\" id=\"Listopad_%E2%80%93_ochlodzenie_ale_nadal_odpowiednie_na_plaze\"><\/span>Listopad &#8211; och\u0142odzenie, ale nadal odpowiednie na pla\u017c\u0119<span class=\"ez-toc-section-end\"><\/span><\/h3>\n\n<p class=\"wp-block-paragraph\">\u2600\ufe0f Pogoda i temperatura s\u0105 nadal w porz\u0105dku, ze \u015brednimi temperaturami dziennymi oko\u0142o 22\u00b0C, ale pochmurne i deszczowe dni staj\u0105 si\u0119 coraz cz\u0119stsze. Szczeg\u00f3lnie na p\u00f3\u0142nocy wyspy w niekt\u00f3rych miejscach wyst\u0119puj\u0105 znaczne opady deszczu. <\/p>\n\n<p class=\"wp-block-paragraph\">? Tanie ceny i oferty mo\u017cna znale\u017a\u0107 w tym miesi\u0105cu. Pami\u0119taj jednak, \u017ce pogoda zaczyna si\u0119 och\u0142adza\u0107, wi\u0119c pa\u017adziernik, z cz\u0119sto takimi samymi cenami, jest lepszym miesi\u0105cem na wizyt\u0119 na Teneryfie. <\/p>\n\n<p class=\"wp-block-paragraph\">?Najlepiej jest trzyma\u0107 si\u0119 z dala od p\u00f3\u0142nocnej cz\u0119\u015bci wyspy, aby uzyska\u0107 najlepsz\u0105 pogod\u0119 na wakacje na pla\u017cy, poniewa\u017c zaczyna tam by\u0107 bardziej pochmurno i deszczowo.<\/p>\n\n<h3 class=\"wp-block-heading\" id=\"December\"><span class=\"ez-toc-section\" id=\"Grudzien_%E2%80%93_Zimowe_slonce_na_przerwe_swiateczna\"><\/span>Grudzie\u0144 &#8211; Zimowe s\u0142o\u0144ce na przerw\u0119 \u015bwi\u0105teczn\u0105<span class=\"ez-toc-section-end\"><\/span><\/h3>\n\n<p class=\"wp-block-paragraph\">\u2600\ufe0f Ze \u015brednimi temperaturami w ci\u0105gu dnia wynosz\u0105cymi 21\u00b0C, jest to jedno z najlepszych miejsc w Europie, aby uciec od mro\u017anych zim. Nie ka\u017cdy nazwie t\u0119 pogod\u0119 pla\u017cow\u0105, ale wi\u0119kszo\u015b\u0107 b\u0119dzie to robi\u0107 zim\u0105. Jest to r\u00f3wnie\u017c miesi\u0105c z najwi\u0119ksz\u0105 szans\u0105 na deszcz.  <\/p>\n\n<p class=\"wp-block-paragraph\">? W tym miesi\u0105cu ceny na Teneryfie s\u0105 wysokie. W Nowy Rok i Bo\u017ce Narodzenie wyst\u0119puje ekstremalny szczyt cen, co czyni te tygodnie najdro\u017cszymi w roku na Teneryfie. <\/p>\n\n<p class=\"wp-block-paragraph\">?Najlepiej unika\u0107 p\u00f3\u0142nocy wyspy, je\u015bli chcesz mie\u0107 najwi\u0119ksze szanse na s\u0142oneczne i ciep\u0142e dni. Podczas \u015bwi\u0105t Bo\u017cego Narodzenia najlepiej trzyma\u0107 si\u0119 z dala od wi\u0119kszych i bardziej znanych miejsc wypoczynkowych na wyspie i szuka\u0107 miejsc takich jak Playa Paraiso, Callao Salvaje, Los Gigantes lub Puerto de Santiago, aby uzyska\u0107 lepsze ceny. <\/p>\n","protected":false},"excerpt":{"rendered":"<p>Kiedy najlepiej wybra\u0107 si\u0119 na wakacje na Teneryf\u0119? To zale\u017cy od tego, czego szukasz. Maj, pa\u017adziernik i listopad s\u0105 najta\u0144sze, podczas gdy czerwiec i wrzesie\u0144 oferuj\u0105 \u015bwietny stosunek jako\u015bci do ceny. Lipiec i sierpie\u0144 maj\u0105 najlepsz\u0105 pogod\u0119, ale wy\u017csze ceny. Miesi\u0105ce zimowe przyci\u0105gaj\u0105 turyst\u00f3w uciekaj\u0105cych przed zimnem Europy, ale mog\u0105 by\u0107 kosztowne. Obszary po\u0142udniowe s\u0105 preferowane ze wzgl\u0119du na lepsz\u0105 pogod\u0119.     <\/p>\n","protected":false},"author":1,"featured_media":25753,"comment_status":"closed","ping_status":"open","sticky":false,"template":"","format":"standard","meta":{"_crdt_document":"","_jetpack_memberships_contains_paid_content":false,"footnotes":""},"categories":[442],"tags":[446,447,436],"class_list":["post-26307","post","type-post","status-publish","format-standard","has-post-thumbnail","hentry","category-teneryfa","tag-gdy","tag-pogoda","tag-teneryfa"],"yoast_head":"<!-- This site is optimized with the Yoast SEO plugin v27.5 - https:\/\/yoast.com\/product\/yoast-seo-wordpress\/ -->\n<title>Teneryfa: Pogoda i kiedy jecha\u0107<\/title>\n<meta name=\"description\" content=\"Odkryj najlepszy czas na wakacje na Teneryfie dzi\u0119ki temu kompleksowemu przewodnikowi po pogodzie i cenach z podzia\u0142em na miesi\u0105ce.\" \/>\n<meta name=\"robots\" content=\"index, follow, max-snippet:-1, max-image-preview:large, max-video-preview:-1\" \/>\n<link rel=\"canonical\" href=\"https:\/\/www.checkedholidays.com\/pl\/kiedy-jechac-pogoda-teneryfa\/\" \/>\n<meta property=\"og:locale\" content=\"pl_PL\" \/>\n<meta property=\"og:type\" content=\"article\" \/>\n<meta property=\"og:title\" content=\"Teneryfa: Pogoda i kiedy jecha\u0107\" \/>\n<meta property=\"og:description\" content=\"Odkryj najlepszy czas na wakacje na Teneryfie dzi\u0119ki temu kompleksowemu przewodnikowi po pogodzie i cenach z podzia\u0142em na miesi\u0105ce.\" \/>\n<meta property=\"og:url\" content=\"https:\/\/www.checkedholidays.com\/pl\/kiedy-jechac-pogoda-teneryfa\/\" \/>\n<meta property=\"og:site_name\" content=\"CheckedHolidays\" \/>\n<meta property=\"article:publisher\" content=\"http:\/\/www.facebook.com\/checkedholidays\" \/>\n<meta property=\"article:published_time\" content=\"2022-10-11T11:24:01+00:00\" \/>\n<meta property=\"article:modified_time\" content=\"2025-03-06T15:21:23+00:00\" \/>\n<meta property=\"og:image\" content=\"https:\/\/www.checkedholidays.com\/wp-content\/uploads\/2022\/01\/Tenerife-Weather-Sunshine-and-daylight-.png\" \/>\n\t<meta property=\"og:image:width\" content=\"1010\" \/>\n\t<meta property=\"og:image:height\" content=\"622\" \/>\n\t<meta property=\"og:image:type\" content=\"image\/png\" \/>\n<meta name=\"author\" content=\"Ive\" \/>\n<meta name=\"twitter:card\" content=\"summary_large_image\" \/>\n<meta name=\"twitter:creator\" content=\"@checkedholidays\" \/>\n<meta name=\"twitter:site\" content=\"@checkedholidays\" \/>\n<meta name=\"twitter:label1\" content=\"Napisane przez\" \/>\n\t<meta name=\"twitter:data1\" content=\"Ive\" \/>\n\t<meta name=\"twitter:label2\" content=\"Szacowany czas czytania\" \/>\n\t<meta name=\"twitter:data2\" content=\"9 minut\" \/>\n<script type=\"application\/ld+json\" class=\"yoast-schema-graph\">{\"@context\":\"https:\\\/\\\/schema.org\",\"@graph\":[{\"@type\":\"Article\",\"@id\":\"https:\\\/\\\/www.checkedholidays.com\\\/pl\\\/kiedy-jechac-pogoda-teneryfa\\\/#article\",\"isPartOf\":{\"@id\":\"https:\\\/\\\/www.checkedholidays.com\\\/pl\\\/kiedy-jechac-pogoda-teneryfa\\\/\"},\"author\":{\"name\":\"Ive\",\"@id\":\"https:\\\/\\\/www.checkedholidays.com\\\/pl\\\/#\\\/schema\\\/person\\\/3828a7a42729238a4fc4d64e5fba96e4\"},\"headline\":\"Teneryfa: Pogoda i kiedy jecha\u0107\",\"datePublished\":\"2022-10-11T11:24:01+00:00\",\"dateModified\":\"2025-03-06T15:21:23+00:00\",\"mainEntityOfPage\":{\"@id\":\"https:\\\/\\\/www.checkedholidays.com\\\/pl\\\/kiedy-jechac-pogoda-teneryfa\\\/\"},\"wordCount\":1794,\"image\":{\"@id\":\"https:\\\/\\\/www.checkedholidays.com\\\/pl\\\/kiedy-jechac-pogoda-teneryfa\\\/#primaryimage\"},\"thumbnailUrl\":\"https:\\\/\\\/i0.wp.com\\\/www.checkedholidays.com\\\/wp-content\\\/uploads\\\/2022\\\/01\\\/Tenerife-Weather-Sunshine-and-daylight-.png?fit=1010%2C622&ssl=1\",\"keywords\":[\"gdy\",\"pogoda\",\"Teneryfa\"],\"articleSection\":[\"Teneryfa\"],\"inLanguage\":\"pl-PL\"},{\"@type\":\"WebPage\",\"@id\":\"https:\\\/\\\/www.checkedholidays.com\\\/pl\\\/kiedy-jechac-pogoda-teneryfa\\\/\",\"url\":\"https:\\\/\\\/www.checkedholidays.com\\\/pl\\\/kiedy-jechac-pogoda-teneryfa\\\/\",\"name\":\"Teneryfa: Pogoda i kiedy jecha\u0107\",\"isPartOf\":{\"@id\":\"https:\\\/\\\/www.checkedholidays.com\\\/pl\\\/#website\"},\"primaryImageOfPage\":{\"@id\":\"https:\\\/\\\/www.checkedholidays.com\\\/pl\\\/kiedy-jechac-pogoda-teneryfa\\\/#primaryimage\"},\"image\":{\"@id\":\"https:\\\/\\\/www.checkedholidays.com\\\/pl\\\/kiedy-jechac-pogoda-teneryfa\\\/#primaryimage\"},\"thumbnailUrl\":\"https:\\\/\\\/i0.wp.com\\\/www.checkedholidays.com\\\/wp-content\\\/uploads\\\/2022\\\/01\\\/Tenerife-Weather-Sunshine-and-daylight-.png?fit=1010%2C622&ssl=1\",\"datePublished\":\"2022-10-11T11:24:01+00:00\",\"dateModified\":\"2025-03-06T15:21:23+00:00\",\"author\":{\"@id\":\"https:\\\/\\\/www.checkedholidays.com\\\/pl\\\/#\\\/schema\\\/person\\\/3828a7a42729238a4fc4d64e5fba96e4\"},\"description\":\"Odkryj najlepszy czas na wakacje na Teneryfie dzi\u0119ki temu kompleksowemu przewodnikowi po pogodzie i cenach z podzia\u0142em na miesi\u0105ce.\",\"breadcrumb\":{\"@id\":\"https:\\\/\\\/www.checkedholidays.com\\\/pl\\\/kiedy-jechac-pogoda-teneryfa\\\/#breadcrumb\"},\"inLanguage\":\"pl-PL\",\"potentialAction\":[{\"@type\":\"ReadAction\",\"target\":[\"https:\\\/\\\/www.checkedholidays.com\\\/pl\\\/kiedy-jechac-pogoda-teneryfa\\\/\"]}]},{\"@type\":\"ImageObject\",\"inLanguage\":\"pl-PL\",\"@id\":\"https:\\\/\\\/www.checkedholidays.com\\\/pl\\\/kiedy-jechac-pogoda-teneryfa\\\/#primaryimage\",\"url\":\"https:\\\/\\\/i0.wp.com\\\/www.checkedholidays.com\\\/wp-content\\\/uploads\\\/2022\\\/01\\\/Tenerife-Weather-Sunshine-and-daylight-.png?fit=1010%2C622&ssl=1\",\"contentUrl\":\"https:\\\/\\\/i0.wp.com\\\/www.checkedholidays.com\\\/wp-content\\\/uploads\\\/2022\\\/01\\\/Tenerife-Weather-Sunshine-and-daylight-.png?fit=1010%2C622&ssl=1\",\"width\":1010,\"height\":622},{\"@type\":\"BreadcrumbList\",\"@id\":\"https:\\\/\\\/www.checkedholidays.com\\\/pl\\\/kiedy-jechac-pogoda-teneryfa\\\/#breadcrumb\",\"itemListElement\":[{\"@type\":\"ListItem\",\"position\":1,\"name\":\"Home\",\"item\":\"https:\\\/\\\/www.checkedholidays.com\\\/pl\\\/\"},{\"@type\":\"ListItem\",\"position\":2,\"name\":\"Teneryfa: Pogoda i kiedy jecha\u0107\"}]},{\"@type\":\"WebSite\",\"@id\":\"https:\\\/\\\/www.checkedholidays.com\\\/pl\\\/#website\",\"url\":\"https:\\\/\\\/www.checkedholidays.com\\\/pl\\\/\",\"name\":\"CheckedHolidays\",\"description\":\"Spanish island holidays... but better!\",\"potentialAction\":[{\"@type\":\"SearchAction\",\"target\":{\"@type\":\"EntryPoint\",\"urlTemplate\":\"https:\\\/\\\/www.checkedholidays.com\\\/pl\\\/?s={search_term_string}\"},\"query-input\":{\"@type\":\"PropertyValueSpecification\",\"valueRequired\":true,\"valueName\":\"search_term_string\"}}],\"inLanguage\":\"pl-PL\"},{\"@type\":\"Person\",\"@id\":\"https:\\\/\\\/www.checkedholidays.com\\\/pl\\\/#\\\/schema\\\/person\\\/3828a7a42729238a4fc4d64e5fba96e4\",\"name\":\"Ive\",\"image\":{\"@type\":\"ImageObject\",\"inLanguage\":\"pl-PL\",\"@id\":\"https:\\\/\\\/secure.gravatar.com\\\/avatar\\\/b77a998d224c6c571e55e9c45c7f21c69b09df2c3dc1c54c6cd6f46ad4c88d26?s=96&d=mm&r=g\",\"url\":\"https:\\\/\\\/secure.gravatar.com\\\/avatar\\\/b77a998d224c6c571e55e9c45c7f21c69b09df2c3dc1c54c6cd6f46ad4c88d26?s=96&d=mm&r=g\",\"contentUrl\":\"https:\\\/\\\/secure.gravatar.com\\\/avatar\\\/b77a998d224c6c571e55e9c45c7f21c69b09df2c3dc1c54c6cd6f46ad4c88d26?s=96&d=mm&r=g\",\"caption\":\"Ive\"},\"description\":\"Hi, I'm Ive. I lived, worked and travelled on the Spanish Islands for over 20 years. It is there that I started the YouTube channel (www.youtube.com\\\/@checkedholidays) and website (www.checkedholidays.com) to help people have better holidays on the islands. This hobby turned into a fulltime job and mission overtime.\",\"sameAs\":[\"https:\\\/\\\/www.checkedholidays.com\\\/about\\\/\",\"https:\\\/\\\/www.youtube.com\\\/@checkedholidays\"]}]}<\/script>\n<!-- \/ Yoast SEO plugin. -->","yoast_head_json":{"title":"Teneryfa: Pogoda i kiedy jecha\u0107","description":"Odkryj najlepszy czas na wakacje na Teneryfie dzi\u0119ki temu kompleksowemu przewodnikowi po pogodzie i cenach z podzia\u0142em na miesi\u0105ce.","robots":{"index":"index","follow":"follow","max-snippet":"max-snippet:-1","max-image-preview":"max-image-preview:large","max-video-preview":"max-video-preview:-1"},"canonical":"https:\/\/www.checkedholidays.com\/pl\/kiedy-jechac-pogoda-teneryfa\/","og_locale":"pl_PL","og_type":"article","og_title":"Teneryfa: Pogoda i kiedy jecha\u0107","og_description":"Odkryj najlepszy czas na wakacje na Teneryfie dzi\u0119ki temu kompleksowemu przewodnikowi po pogodzie i cenach z podzia\u0142em na miesi\u0105ce.","og_url":"https:\/\/www.checkedholidays.com\/pl\/kiedy-jechac-pogoda-teneryfa\/","og_site_name":"CheckedHolidays","article_publisher":"http:\/\/www.facebook.com\/checkedholidays","article_published_time":"2022-10-11T11:24:01+00:00","article_modified_time":"2025-03-06T15:21:23+00:00","og_image":[{"width":1010,"height":622,"url":"https:\/\/www.checkedholidays.com\/wp-content\/uploads\/2022\/01\/Tenerife-Weather-Sunshine-and-daylight-.png","type":"image\/png"}],"author":"Ive","twitter_card":"summary_large_image","twitter_creator":"@checkedholidays","twitter_site":"@checkedholidays","twitter_misc":{"Napisane przez":"Ive","Szacowany czas czytania":"9 minut"},"schema":{"@context":"https:\/\/schema.org","@graph":[{"@type":"Article","@id":"https:\/\/www.checkedholidays.com\/pl\/kiedy-jechac-pogoda-teneryfa\/#article","isPartOf":{"@id":"https:\/\/www.checkedholidays.com\/pl\/kiedy-jechac-pogoda-teneryfa\/"},"author":{"name":"Ive","@id":"https:\/\/www.checkedholidays.com\/pl\/#\/schema\/person\/3828a7a42729238a4fc4d64e5fba96e4"},"headline":"Teneryfa: Pogoda i kiedy jecha\u0107","datePublished":"2022-10-11T11:24:01+00:00","dateModified":"2025-03-06T15:21:23+00:00","mainEntityOfPage":{"@id":"https:\/\/www.checkedholidays.com\/pl\/kiedy-jechac-pogoda-teneryfa\/"},"wordCount":1794,"image":{"@id":"https:\/\/www.checkedholidays.com\/pl\/kiedy-jechac-pogoda-teneryfa\/#primaryimage"},"thumbnailUrl":"https:\/\/i0.wp.com\/www.checkedholidays.com\/wp-content\/uploads\/2022\/01\/Tenerife-Weather-Sunshine-and-daylight-.png?fit=1010%2C622&ssl=1","keywords":["gdy","pogoda","Teneryfa"],"articleSection":["Teneryfa"],"inLanguage":"pl-PL"},{"@type":"WebPage","@id":"https:\/\/www.checkedholidays.com\/pl\/kiedy-jechac-pogoda-teneryfa\/","url":"https:\/\/www.checkedholidays.com\/pl\/kiedy-jechac-pogoda-teneryfa\/","name":"Teneryfa: Pogoda i kiedy jecha\u0107","isPartOf":{"@id":"https:\/\/www.checkedholidays.com\/pl\/#website"},"primaryImageOfPage":{"@id":"https:\/\/www.checkedholidays.com\/pl\/kiedy-jechac-pogoda-teneryfa\/#primaryimage"},"image":{"@id":"https:\/\/www.checkedholidays.com\/pl\/kiedy-jechac-pogoda-teneryfa\/#primaryimage"},"thumbnailUrl":"https:\/\/i0.wp.com\/www.checkedholidays.com\/wp-content\/uploads\/2022\/01\/Tenerife-Weather-Sunshine-and-daylight-.png?fit=1010%2C622&ssl=1","datePublished":"2022-10-11T11:24:01+00:00","dateModified":"2025-03-06T15:21:23+00:00","author":{"@id":"https:\/\/www.checkedholidays.com\/pl\/#\/schema\/person\/3828a7a42729238a4fc4d64e5fba96e4"},"description":"Odkryj najlepszy czas na wakacje na Teneryfie dzi\u0119ki temu kompleksowemu przewodnikowi po pogodzie i cenach z podzia\u0142em na miesi\u0105ce.","breadcrumb":{"@id":"https:\/\/www.checkedholidays.com\/pl\/kiedy-jechac-pogoda-teneryfa\/#breadcrumb"},"inLanguage":"pl-PL","potentialAction":[{"@type":"ReadAction","target":["https:\/\/www.checkedholidays.com\/pl\/kiedy-jechac-pogoda-teneryfa\/"]}]},{"@type":"ImageObject","inLanguage":"pl-PL","@id":"https:\/\/www.checkedholidays.com\/pl\/kiedy-jechac-pogoda-teneryfa\/#primaryimage","url":"https:\/\/i0.wp.com\/www.checkedholidays.com\/wp-content\/uploads\/2022\/01\/Tenerife-Weather-Sunshine-and-daylight-.png?fit=1010%2C622&ssl=1","contentUrl":"https:\/\/i0.wp.com\/www.checkedholidays.com\/wp-content\/uploads\/2022\/01\/Tenerife-Weather-Sunshine-and-daylight-.png?fit=1010%2C622&ssl=1","width":1010,"height":622},{"@type":"BreadcrumbList","@id":"https:\/\/www.checkedholidays.com\/pl\/kiedy-jechac-pogoda-teneryfa\/#breadcrumb","itemListElement":[{"@type":"ListItem","position":1,"name":"Home","item":"https:\/\/www.checkedholidays.com\/pl\/"},{"@type":"ListItem","position":2,"name":"Teneryfa: Pogoda i kiedy jecha\u0107"}]},{"@type":"WebSite","@id":"https:\/\/www.checkedholidays.com\/pl\/#website","url":"https:\/\/www.checkedholidays.com\/pl\/","name":"CheckedHolidays","description":"Spanish island holidays... but better!","potentialAction":[{"@type":"SearchAction","target":{"@type":"EntryPoint","urlTemplate":"https:\/\/www.checkedholidays.com\/pl\/?s={search_term_string}"},"query-input":{"@type":"PropertyValueSpecification","valueRequired":true,"valueName":"search_term_string"}}],"inLanguage":"pl-PL"},{"@type":"Person","@id":"https:\/\/www.checkedholidays.com\/pl\/#\/schema\/person\/3828a7a42729238a4fc4d64e5fba96e4","name":"Ive","image":{"@type":"ImageObject","inLanguage":"pl-PL","@id":"https:\/\/secure.gravatar.com\/avatar\/b77a998d224c6c571e55e9c45c7f21c69b09df2c3dc1c54c6cd6f46ad4c88d26?s=96&d=mm&r=g","url":"https:\/\/secure.gravatar.com\/avatar\/b77a998d224c6c571e55e9c45c7f21c69b09df2c3dc1c54c6cd6f46ad4c88d26?s=96&d=mm&r=g","contentUrl":"https:\/\/secure.gravatar.com\/avatar\/b77a998d224c6c571e55e9c45c7f21c69b09df2c3dc1c54c6cd6f46ad4c88d26?s=96&d=mm&r=g","caption":"Ive"},"description":"Hi, I'm Ive. I lived, worked and travelled on the Spanish Islands for over 20 years. It is there that I started the YouTube channel (www.youtube.com\/@checkedholidays) and website (www.checkedholidays.com) to help people have better holidays on the islands. This hobby turned into a fulltime job and mission overtime.","sameAs":["https:\/\/www.checkedholidays.com\/about\/","https:\/\/www.youtube.com\/@checkedholidays"]}]}},"jetpack_featured_media_url":"https:\/\/i0.wp.com\/www.checkedholidays.com\/wp-content\/uploads\/2022\/01\/Tenerife-Weather-Sunshine-and-daylight-.png?fit=1010%2C622&ssl=1","jetpack_sharing_enabled":true,"_links":{"self":[{"href":"https:\/\/www.checkedholidays.com\/pl\/wp-json\/wp\/v2\/posts\/26307","targetHints":{"allow":["GET"]}}],"collection":[{"href":"https:\/\/www.checkedholidays.com\/pl\/wp-json\/wp\/v2\/posts"}],"about":[{"href":"https:\/\/www.checkedholidays.com\/pl\/wp-json\/wp\/v2\/types\/post"}],"author":[{"embeddable":true,"href":"https:\/\/www.checkedholidays.com\/pl\/wp-json\/wp\/v2\/users\/1"}],"replies":[{"embeddable":true,"href":"https:\/\/www.checkedholidays.com\/pl\/wp-json\/wp\/v2\/comments?post=26307"}],"version-history":[{"count":3,"href":"https:\/\/www.checkedholidays.com\/pl\/wp-json\/wp\/v2\/posts\/26307\/revisions"}],"predecessor-version":[{"id":102993,"href":"https:\/\/www.checkedholidays.com\/pl\/wp-json\/wp\/v2\/posts\/26307\/revisions\/102993"}],"wp:featuredmedia":[{"embeddable":true,"href":"https:\/\/www.checkedholidays.com\/pl\/wp-json\/wp\/v2\/media\/25753"}],"wp:attachment":[{"href":"https:\/\/www.checkedholidays.com\/pl\/wp-json\/wp\/v2\/media?parent=26307"}],"wp:term":[{"taxonomy":"category","embeddable":true,"href":"https:\/\/www.checkedholidays.com\/pl\/wp-json\/wp\/v2\/categories?post=26307"},{"taxonomy":"post_tag","embeddable":true,"href":"https:\/\/www.checkedholidays.com\/pl\/wp-json\/wp\/v2\/tags?post=26307"}],"curies":[{"name":"wp","href":"https:\/\/api.w.org\/{rel}","templated":true}]}}