{"id":61198,"date":"2023-09-11T16:46:44","date_gmt":"2023-09-11T16:46:44","guid":{"rendered":"https:\/\/www.checkedholidays.com\/tenerife-laiks-un-kad-doties-uz-to\/"},"modified":"2025-03-06T15:27:21","modified_gmt":"2025-03-06T15:27:21","slug":"tenerife-laiks-un-kad-doties-uz-to","status":"publish","type":"post","link":"https:\/\/www.checkedholidays.com\/lv\/tenerife-laiks-un-kad-doties-uz-to\/","title":{"rendered":"Tenerife: Laiks un kad doties uz"},"content":{"rendered":"\n<div id=\"ez-toc-container\" class=\"ez-toc-v2_0_82_2 counter-hierarchy ez-toc-counter ez-toc-custom ez-toc-container-direction\">\n<div class=\"ez-toc-title-container\">\n<p class=\"ez-toc-title\" style=\"cursor:inherit\">Table of Contents<\/p>\n<span class=\"ez-toc-title-toggle\"><a href=\"#\" class=\"ez-toc-pull-right ez-toc-btn ez-toc-btn-xs ez-toc-btn-default ez-toc-toggle\" aria-label=\"Toggle Table of Content\"><span class=\"ez-toc-js-icon-con\"><span class=\"\"><span class=\"eztoc-hide\" style=\"display:none;\">Toggle<\/span><span class=\"ez-toc-icon-toggle-span\"><svg style=\"fill: #999;color:#999\" xmlns=\"http:\/\/www.w3.org\/2000\/svg\" class=\"list-377408\" width=\"20px\" height=\"20px\" viewBox=\"0 0 24 24\" fill=\"none\"><path d=\"M6 6H4v2h2V6zm14 0H8v2h12V6zM4 11h2v2H4v-2zm16 0H8v2h12v-2zM4 16h2v2H4v-2zm16 0H8v2h12v-2z\" fill=\"currentColor\"><\/path><\/svg><svg style=\"fill: #999;color:#999\" class=\"arrow-unsorted-368013\" xmlns=\"http:\/\/www.w3.org\/2000\/svg\" width=\"10px\" height=\"10px\" viewBox=\"0 0 24 24\" version=\"1.2\" baseProfile=\"tiny\"><path d=\"M18.2 9.3l-6.2-6.3-6.2 6.3c-.2.2-.3.4-.3.7s.1.5.3.7c.2.2.4.3.7.3h11c.3 0 .5-.1.7-.3.2-.2.3-.5.3-.7s-.1-.5-.3-.7zM5.8 14.7l6.2 6.3 6.2-6.3c.2-.2.3-.5.3-.7s-.1-.5-.3-.7c-.2-.2-.4-.3-.7-.3h-11c-.3 0-.5.1-.7.3-.2.2-.3.5-.3.7s.1.5.3.7z\"\/><\/svg><\/span><\/span><\/span><\/a><\/span><\/div>\n<nav><ul class='ez-toc-list ez-toc-list-level-1 eztoc-toggle-hide-by-default' ><li class='ez-toc-page-1 ez-toc-heading-level-2'><a class=\"ez-toc-link ez-toc-heading-1\" href=\"https:\/\/www.checkedholidays.com\/lv\/tenerife-laiks-un-kad-doties-uz-to\/#Kad_doties_atvalinajuma_uz_Tenerifi\" >Kad doties atva\u013cin\u0101jum\u0101 uz Tenerifi<\/a><\/li><li class='ez-toc-page-1 ez-toc-heading-level-2'><a class=\"ez-toc-link ez-toc-heading-2\" href=\"https:\/\/www.checkedholidays.com\/lv\/tenerife-laiks-un-kad-doties-uz-to\/#Tenerifes_laikapstakli\" >Tenerifes laikapst\u0101k\u013ci<\/a><ul class='ez-toc-list-level-3' ><li class='ez-toc-heading-level-3'><a class=\"ez-toc-link ez-toc-heading-3\" href=\"https:\/\/www.checkedholidays.com\/lv\/tenerife-laiks-un-kad-doties-uz-to\/#Temperatura\" >Temperat\u016bra<\/a><\/li><li class='ez-toc-page-1 ez-toc-heading-level-3'><a class=\"ez-toc-link ez-toc-heading-4\" href=\"https:\/\/www.checkedholidays.com\/lv\/tenerife-laiks-un-kad-doties-uz-to\/#Dienas_gaisma_un_saules_gaismas_stundas\" >Dienas gaisma un saules gaismas stundas<\/a><\/li><li class='ez-toc-page-1 ez-toc-heading-level-3'><a class=\"ez-toc-link ez-toc-heading-5\" href=\"https:\/\/www.checkedholidays.com\/lv\/tenerife-laiks-un-kad-doties-uz-to\/#Nokrisni_un_lietainas_dienas\" >Nokri\u0161\u0146i un lietainas dienas<\/a><\/li><li class='ez-toc-page-1 ez-toc-heading-level-3'><a class=\"ez-toc-link ez-toc-heading-6\" href=\"https:\/\/www.checkedholidays.com\/lv\/tenerife-laiks-un-kad-doties-uz-to\/#Juras_temperatura\" >J\u016bras temperat\u016bra<\/a><\/li><\/ul><\/li><li class='ez-toc-page-1 ez-toc-heading-level-2'><a class=\"ez-toc-link ez-toc-heading-7\" href=\"https:\/\/www.checkedholidays.com\/lv\/tenerife-laiks-un-kad-doties-uz-to\/#Tenerife_pa_menesiem\" >Tenerife pa m\u0113ne\u0161iem<\/a><ul class='ez-toc-list-level-3' ><li class='ez-toc-heading-level-3'><a class=\"ez-toc-link ez-toc-heading-8\" href=\"https:\/\/www.checkedholidays.com\/lv\/tenerife-laiks-un-kad-doties-uz-to\/#Janvaris_%E2%80%93_labakais_ziemas_begsanai\" >Janv\u0101ris &#8211; lab\u0101kais ziemas b\u0113g\u0161anai<\/a><\/li><li class='ez-toc-page-1 ez-toc-heading-level-3'><a class=\"ez-toc-link ez-toc-heading-9\" href=\"https:\/\/www.checkedholidays.com\/lv\/tenerife-laiks-un-kad-doties-uz-to\/#Februaris_%E2%80%93_letakas_ziemas_begsanas\" >Febru\u0101ris &#8211; l\u0113t\u0101kas ziemas b\u0113g\u0161anas<\/a><\/li><li class='ez-toc-page-1 ez-toc-heading-level-3'><a class=\"ez-toc-link ez-toc-heading-10\" href=\"https:\/\/www.checkedholidays.com\/lv\/tenerife-laiks-un-kad-doties-uz-to\/#Marts_%E2%80%93_mazak_pulu_un_izdevigi_piedavajumi\" >Marts &#8211; maz\u0101k p\u016b\u013cu un izdev\u012bgi pied\u0101v\u0101jumi<\/a><\/li><li class='ez-toc-page-1 ez-toc-heading-level-3'><a class=\"ez-toc-link ez-toc-heading-11\" href=\"https:\/\/www.checkedholidays.com\/lv\/tenerife-laiks-un-kad-doties-uz-to\/#Aprilis_%E2%80%93_Lieldienu_brivdienas\" >Apr\u012blis &#8211; Lieldienu br\u012bvdienas<\/a><\/li><li class='ez-toc-page-1 ez-toc-heading-level-3'><a class=\"ez-toc-link ez-toc-heading-12\" href=\"https:\/\/www.checkedholidays.com\/lv\/tenerife-laiks-un-kad-doties-uz-to\/#Maijs_%E2%80%93_Letakais\" >Maijs &#8211; L\u0113t\u0101kais<\/a><\/li><li class='ez-toc-page-1 ez-toc-heading-level-3'><a class=\"ez-toc-link ez-toc-heading-13\" href=\"https:\/\/www.checkedholidays.com\/lv\/tenerife-laiks-un-kad-doties-uz-to\/#Junijs_%E2%80%93_Vasaras_laikapstakli_bet_vel_ne_parak_aiznemts\" >J\u016bnijs &#8211; Vasaras laikapst\u0101k\u013ci, bet v\u0113l ne p\u0101r\u0101k aiz\u0146emts<\/a><\/li><li class='ez-toc-page-1 ez-toc-heading-level-3'><a class=\"ez-toc-link ez-toc-heading-14\" href=\"https:\/\/www.checkedholidays.com\/lv\/tenerife-laiks-un-kad-doties-uz-to\/#Julijs_%E2%80%93_vasaras_sezonas_kulminacija_ar_karstiem_laikapstakliem\" >J\u016blijs &#8211; vasaras sezonas kulmin\u0101cija ar karstiem laikapst\u0101k\u013ciem<\/a><\/li><li class='ez-toc-page-1 ez-toc-heading-level-3'><a class=\"ez-toc-link ez-toc-heading-15\" href=\"https:\/\/www.checkedholidays.com\/lv\/tenerife-laiks-un-kad-doties-uz-to\/#Augusts_%E2%80%93_ideali_piemerots_gimenes_pludmales_brivdienam\" >Augusts &#8211; ide\u0101li piem\u0113rots \u0123imenes pludmales br\u012bvdien\u0101m<\/a><\/li><li class='ez-toc-page-1 ez-toc-heading-level-3'><a class=\"ez-toc-link ez-toc-heading-16\" href=\"https:\/\/www.checkedholidays.com\/lv\/tenerife-laiks-un-kad-doties-uz-to\/#Septembris_%E2%80%93_lieliski_laikapstakli_zemakas_cenas_un_daudz_studentu_kas_apmekle_klubus\" >Septembris &#8211; lieliski laikapst\u0101k\u013ci, zem\u0101kas cenas un daudz studentu, kas apmekl\u0113 klubus.<\/a><\/li><li class='ez-toc-page-1 ez-toc-heading-level-3'><a class=\"ez-toc-link ez-toc-heading-17\" href=\"https:\/\/www.checkedholidays.com\/lv\/tenerife-laiks-un-kad-doties-uz-to\/#Oktobris_%E2%80%93_Rudens_saule_bet_joprojam_silts\" >Oktobris &#8211; Rudens saule, bet joproj\u0101m silts<\/a><\/li><li class='ez-toc-page-1 ez-toc-heading-level-3'><a class=\"ez-toc-link ez-toc-heading-18\" href=\"https:\/\/www.checkedholidays.com\/lv\/tenerife-laiks-un-kad-doties-uz-to\/#Novembris_%E2%80%93_atdziest_bet_joprojam_piemerots_pludmalei\" >Novembris &#8211; atdziest, bet joproj\u0101m piem\u0113rots pludmalei<\/a><\/li><li class='ez-toc-page-1 ez-toc-heading-level-3'><a class=\"ez-toc-link ez-toc-heading-19\" href=\"https:\/\/www.checkedholidays.com\/lv\/tenerife-laiks-un-kad-doties-uz-to\/#Decembris_%E2%80%93_Ziemas_saule_Ziemassvetku_brivdienas\" >Decembris &#8211; Ziemas saule Ziemassv\u0113tku br\u012bvdien\u0101s<\/a><\/li><\/ul><\/li><\/ul><\/nav><\/div>\n<h2 class=\"wp-block-heading\" id=\"tenerife-price-by-month\"><span class=\"ez-toc-section\" id=\"Kad_doties_atvalinajuma_uz_Tenerifi\"><\/span>Kad doties atva\u013cin\u0101jum\u0101 uz Tenerifi<span class=\"ez-toc-section-end\"><\/span><\/h2>\n\n<ul class=\"wp-block-list\">\n<li>Visl\u0113t\u0101kie m\u0113ne\u0161i Tenerifes apmekl\u0113jumam ir <a href=\"#May\">maijs<\/a>, <a href=\"#October\">oktobris<\/a> un <a href=\"#November\">novembris<\/a>.<\/li>\n\n\n\n<li>Izdev\u012bg\u0101kie m\u0113ne\u0161i ir <a href=\"#June\">j\u016bnijs<\/a> un <a href=\"#September\">septembris<\/a>, kad ir lieliski laikapst\u0101k\u013ci un maz\u0101k cilv\u0113ku.<\/li>\n\n\n\n<li><a href=\"#July\">J\u016blij\u0101<\/a> un <a href=\"#August\">august\u0101<\/a> ir vislab\u0101kie laikapst\u0101k\u013ci, bet ar\u012b vieni no d\u0101rg\u0101kajiem.<\/li>\n\n\n\n<li>Ziemas m\u0113ne\u0161i &#8211; <a href=\"#December\">decembris,<\/a> <a href=\"#January\">janv\u0101ris<\/a> un <a href=\"#February\">febru\u0101ris<\/a> &#8211; ir lieliski piem\u0113roti ziemas b\u0113g\u0161anai.<\/li>\n\n\n\n<li><a href=\"#March\">Marts<\/a> un <a href=\"#April\">apr\u012blis<\/a> ir m\u0113ne\u0161i ar izdev\u012bg\u0101m cen\u0101m un lieliski piem\u0113roti, lai izvair\u012btos no garaj\u0101m ziem\u0101m aukst\u0101k\u0101s Eiropas valst\u012bs.<\/li>\n\n\n\n<li>Vis\u0101s ned\u0113\u013c\u0101s, kad ir Eiropas skol\u0113nu br\u012bvdienas, cenas ir daudz augst\u0101kas nek\u0101 taj\u0101s, kad br\u012bvdienu nav.<\/li>\n<\/ul>\n\n<figure class=\"wp-block-image size-full\"><img data-recalc-dims=\"1\" loading=\"lazy\" decoding=\"async\" width=\"846\" height=\"388\" src=\"https:\/\/i0.wp.com\/www.checkedholidays.com\/wp-content\/uploads\/2020\/12\/Tenerife-pricing-and-weahter-by-month.png?resize=846%2C388&#038;ssl=1\" alt=\"P&#x101;rskats par laika apst&#x101;k&#x13C;iem un cen&#x101;m Tenerif&#x113; pa m&#x113;ne&#x161;iem.\" class=\"wp-image-102891\" srcset=\"https:\/\/i0.wp.com\/www.checkedholidays.com\/wp-content\/uploads\/2020\/12\/Tenerife-pricing-and-weahter-by-month.png?w=846&amp;ssl=1 846w, https:\/\/i0.wp.com\/www.checkedholidays.com\/wp-content\/uploads\/2020\/12\/Tenerife-pricing-and-weahter-by-month.png?resize=300%2C138&amp;ssl=1 300w, https:\/\/i0.wp.com\/www.checkedholidays.com\/wp-content\/uploads\/2020\/12\/Tenerife-pricing-and-weahter-by-month.png?resize=768%2C352&amp;ssl=1 768w, https:\/\/i0.wp.com\/www.checkedholidays.com\/wp-content\/uploads\/2020\/12\/Tenerife-pricing-and-weahter-by-month.png?resize=600%2C275&amp;ssl=1 600w, https:\/\/i0.wp.com\/www.checkedholidays.com\/wp-content\/uploads\/2020\/12\/Tenerife-pricing-and-weahter-by-month.png?resize=800%2C367&amp;ssl=1 800w\" sizes=\"auto, (max-width: 846px) 100vw, 846px\" \/><figcaption class=\"wp-element-caption\">P\u0101rskats par laika apst\u0101k\u013ciem un cen\u0101m Tenerif\u0113 pa m\u0113ne\u0161iem. Vid\u0113j\u0101 dienas temperat\u016bra, lietainas dienas, saules starojums, j\u016bras temperat\u016bra (p\u0113c Celsija) un cena. <\/figcaption><\/figure>\n\n<h2 class=\"wp-block-heading\"><span class=\"ez-toc-section\" id=\"Tenerifes_laikapstakli\"><\/span>Tenerifes laikapst\u0101k\u013ci<span class=\"ez-toc-section-end\"><\/span><\/h2>\n\n<h3 class=\"wp-block-heading\" id=\"temperature\"><span class=\"ez-toc-section\" id=\"Temperatura\"><\/span>Temperat\u016bra<span class=\"ez-toc-section-end\"><\/span><\/h3>\n\n<figure class=\"wp-block-image size-large\"><img data-recalc-dims=\"1\" loading=\"lazy\" decoding=\"async\" width=\"1024\" height=\"628\" src=\"https:\/\/i0.wp.com\/www.checkedholidays.com\/wp-content\/uploads\/2021\/12\/Tenerife-Weather-Temperature-low-high-celcius.png?resize=1024%2C628&#038;ssl=1\" alt=\"\" class=\"wp-image-9308\" srcset=\"https:\/\/i0.wp.com\/www.checkedholidays.com\/wp-content\/uploads\/2021\/12\/Tenerife-Weather-Temperature-low-high-celcius.png?resize=1024%2C628&amp;ssl=1 1024w, https:\/\/i0.wp.com\/www.checkedholidays.com\/wp-content\/uploads\/2021\/12\/Tenerife-Weather-Temperature-low-high-celcius.png?resize=300%2C184&amp;ssl=1 300w, https:\/\/i0.wp.com\/www.checkedholidays.com\/wp-content\/uploads\/2021\/12\/Tenerife-Weather-Temperature-low-high-celcius.png?resize=768%2C471&amp;ssl=1 768w, https:\/\/i0.wp.com\/www.checkedholidays.com\/wp-content\/uploads\/2021\/12\/Tenerife-Weather-Temperature-low-high-celcius.png?resize=600%2C368&amp;ssl=1 600w, https:\/\/i0.wp.com\/www.checkedholidays.com\/wp-content\/uploads\/2021\/12\/Tenerife-Weather-Temperature-low-high-celcius.png?resize=800%2C490&amp;ssl=1 800w, https:\/\/i0.wp.com\/www.checkedholidays.com\/wp-content\/uploads\/2021\/12\/Tenerife-Weather-Temperature-low-high-celcius.png?w=1168&amp;ssl=1 1168w\" sizes=\"auto, (max-width: 1024px) 100vw, 1024px\" \/><figcaption class=\"wp-element-caption\">Temperat\u016bra Tenerif\u0113 pa m\u0113ne\u0161iem (vid\u0113j\u0101 augst\u0101k\u0101 un zem\u0101k\u0101, p\u0113c Celsija)<\/figcaption><\/figure>\n\n<p class=\"wp-block-paragraph\">Karst\u0101kie vasaras m\u0113ne\u0161i ir j\u016bnijs, j\u016blijs, augusts, septembris un oktobris. Tom\u0113r oktobris ir pirmais m\u0113nesis, kad atkal s\u0101k l\u012bt, t\u0101p\u0113c, ja mekl\u0113jat karstu un saulainu pludmales laiku, no \u0161\u012b m\u0113ne\u0161a lab\u0101k izvair\u012bties. <\/p>\n\n<h3 class=\"wp-block-heading\" id=\"daylight-and-sunshine-hour\"><span class=\"ez-toc-section\" id=\"Dienas_gaisma_un_saules_gaismas_stundas\"><\/span>Dienas gaisma un saules gaismas stundas<span class=\"ez-toc-section-end\"><\/span><\/h3>\n\n<figure class=\"wp-block-image size-full\"><img data-recalc-dims=\"1\" loading=\"lazy\" decoding=\"async\" width=\"1010\" height=\"622\" src=\"https:\/\/i0.wp.com\/www.checkedholidays.com\/wp-content\/uploads\/2022\/01\/Tenerife-Weather-Sunshine-and-daylight-.png?resize=1010%2C622&#038;ssl=1\" alt=\"\" class=\"wp-image-11506\" srcset=\"https:\/\/i0.wp.com\/www.checkedholidays.com\/wp-content\/uploads\/2022\/01\/Tenerife-Weather-Sunshine-and-daylight-.png?w=1010&amp;ssl=1 1010w, https:\/\/i0.wp.com\/www.checkedholidays.com\/wp-content\/uploads\/2022\/01\/Tenerife-Weather-Sunshine-and-daylight-.png?resize=300%2C185&amp;ssl=1 300w, https:\/\/i0.wp.com\/www.checkedholidays.com\/wp-content\/uploads\/2022\/01\/Tenerife-Weather-Sunshine-and-daylight-.png?resize=768%2C473&amp;ssl=1 768w, https:\/\/i0.wp.com\/www.checkedholidays.com\/wp-content\/uploads\/2022\/01\/Tenerife-Weather-Sunshine-and-daylight-.png?resize=600%2C370&amp;ssl=1 600w, https:\/\/i0.wp.com\/www.checkedholidays.com\/wp-content\/uploads\/2022\/01\/Tenerife-Weather-Sunshine-and-daylight-.png?resize=800%2C493&amp;ssl=1 800w\" sizes=\"auto, (max-width: 1010px) 100vw, 1010px\" \/><figcaption class=\"wp-element-caption\">Dienasgaisma un saules gaismas stundas Tenerif\u0113 p\u0113c m\u0113ne\u0161a<\/figcaption><\/figure>\n\n<p class=\"wp-block-paragraph\">Visvair\u0101k saules Tenerif\u0113 ir j\u016bnij\u0101, j\u016blij\u0101 un august\u0101. Ta\u010du kopum\u0101 Tenerife ir saulaina vieta visu gadu. \u012apa\u0161i salas dienvidos.<\/p>\n\n<h3 class=\"wp-block-heading\" id=\"daylight-and-sunshine-hour\"><span class=\"ez-toc-section\" id=\"Nokrisni_un_lietainas_dienas\"><\/span>Nokri\u0161\u0146i un lietainas dienas<span class=\"ez-toc-section-end\"><\/span><\/h3>\n\n<figure class=\"wp-block-image size-large\"><img data-recalc-dims=\"1\" loading=\"lazy\" decoding=\"async\" width=\"1024\" height=\"634\" src=\"https:\/\/i0.wp.com\/www.checkedholidays.com\/wp-content\/uploads\/2021\/12\/Tenerife-Weather-Rainfall-mm.png?resize=1024%2C634&#038;ssl=1\" alt=\"\" class=\"wp-image-9314\" srcset=\"https:\/\/i0.wp.com\/www.checkedholidays.com\/wp-content\/uploads\/2021\/12\/Tenerife-Weather-Rainfall-mm.png?resize=1024%2C634&amp;ssl=1 1024w, https:\/\/i0.wp.com\/www.checkedholidays.com\/wp-content\/uploads\/2021\/12\/Tenerife-Weather-Rainfall-mm.png?resize=300%2C186&amp;ssl=1 300w, https:\/\/i0.wp.com\/www.checkedholidays.com\/wp-content\/uploads\/2021\/12\/Tenerife-Weather-Rainfall-mm.png?resize=768%2C476&amp;ssl=1 768w, https:\/\/i0.wp.com\/www.checkedholidays.com\/wp-content\/uploads\/2021\/12\/Tenerife-Weather-Rainfall-mm.png?resize=600%2C372&amp;ssl=1 600w, https:\/\/i0.wp.com\/www.checkedholidays.com\/wp-content\/uploads\/2021\/12\/Tenerife-Weather-Rainfall-mm.png?resize=800%2C496&amp;ssl=1 800w, https:\/\/i0.wp.com\/www.checkedholidays.com\/wp-content\/uploads\/2021\/12\/Tenerife-Weather-Rainfall-mm.png?w=1162&amp;ssl=1 1162w\" sizes=\"auto, (max-width: 1024px) 100vw, 1024px\" \/><figcaption class=\"wp-element-caption\">Nokri\u0161\u0146u daudzums Tenerif\u0113 pa m\u0113ne\u0161iem (mm)<\/figcaption><\/figure>\n\n<p class=\"wp-block-paragraph\">Novembris, decembris, janv\u0101ris un febru\u0101ris ir lietain\u0101kie m\u0113ne\u0161i Tenerif\u0113. Tom\u0113r liela da\u013ca lietus l\u012bst zieme\u013cos un kalnos, prom no popul\u0101r\u0101kaj\u0101m atp\u016btas viet\u0101m. T\u0101p\u0113c par to nav j\u0101uztraucas, ja j\u016bs, t\u0101pat k\u0101 liel\u0101k\u0101 da\u013ca cilv\u0113ku, dodaties atva\u013cin\u0101jum\u0101 uz dienvidiem. <\/p>\n\n<figure class=\"wp-block-image size-large\"><img data-recalc-dims=\"1\" loading=\"lazy\" decoding=\"async\" width=\"1024\" height=\"640\" src=\"https:\/\/i0.wp.com\/www.checkedholidays.com\/wp-content\/uploads\/2021\/12\/Tenerife-Weather-Rainy-days.png?resize=1024%2C640&#038;ssl=1\" alt=\"\" class=\"wp-image-9318\" srcset=\"https:\/\/i0.wp.com\/www.checkedholidays.com\/wp-content\/uploads\/2021\/12\/Tenerife-Weather-Rainy-days.png?resize=1024%2C640&amp;ssl=1 1024w, https:\/\/i0.wp.com\/www.checkedholidays.com\/wp-content\/uploads\/2021\/12\/Tenerife-Weather-Rainy-days.png?resize=300%2C187&amp;ssl=1 300w, https:\/\/i0.wp.com\/www.checkedholidays.com\/wp-content\/uploads\/2021\/12\/Tenerife-Weather-Rainy-days.png?resize=768%2C480&amp;ssl=1 768w, https:\/\/i0.wp.com\/www.checkedholidays.com\/wp-content\/uploads\/2021\/12\/Tenerife-Weather-Rainy-days.png?resize=600%2C375&amp;ssl=1 600w, https:\/\/i0.wp.com\/www.checkedholidays.com\/wp-content\/uploads\/2021\/12\/Tenerife-Weather-Rainy-days.png?resize=800%2C500&amp;ssl=1 800w, https:\/\/i0.wp.com\/www.checkedholidays.com\/wp-content\/uploads\/2021\/12\/Tenerife-Weather-Rainy-days.png?w=1146&amp;ssl=1 1146w\" sizes=\"auto, (max-width: 1024px) 100vw, 1024px\" \/><figcaption class=\"wp-element-caption\">Lietain\u0101s dienas p\u0113c m\u0113ne\u0161a Tenerif\u0113<\/figcaption><\/figure>\n\n<p class=\"wp-block-paragraph\">Maij\u0101, j\u016bnij\u0101, j\u016blij\u0101, j\u016blij\u0101, august\u0101 un septembr\u012b Tenerif\u0113 parasti nav lietus. T\u0101p\u0113c, it \u012bpa\u0161i salas dienvidos, jums var b\u016bt garant\u0113tas skaidras, saulainas un sausas debesis.<\/p>\n\n<h3 class=\"wp-block-heading\" id=\"sea-temperature\"><span class=\"ez-toc-section\" id=\"Juras_temperatura\"><\/span>J\u016bras temperat\u016bra<span class=\"ez-toc-section-end\"><\/span><\/h3>\n\n<figure class=\"wp-block-image size-large\"><img data-recalc-dims=\"1\" loading=\"lazy\" decoding=\"async\" width=\"1024\" height=\"633\" src=\"https:\/\/i0.wp.com\/www.checkedholidays.com\/wp-content\/uploads\/2021\/12\/Tenerife-Weather-Water-temperature-celcius.png?resize=1024%2C633&#038;ssl=1\" alt=\"\" class=\"wp-image-9322\" srcset=\"https:\/\/i0.wp.com\/www.checkedholidays.com\/wp-content\/uploads\/2021\/12\/Tenerife-Weather-Water-temperature-celcius.png?resize=1024%2C633&amp;ssl=1 1024w, https:\/\/i0.wp.com\/www.checkedholidays.com\/wp-content\/uploads\/2021\/12\/Tenerife-Weather-Water-temperature-celcius.png?resize=300%2C185&amp;ssl=1 300w, https:\/\/i0.wp.com\/www.checkedholidays.com\/wp-content\/uploads\/2021\/12\/Tenerife-Weather-Water-temperature-celcius.png?resize=768%2C475&amp;ssl=1 768w, https:\/\/i0.wp.com\/www.checkedholidays.com\/wp-content\/uploads\/2021\/12\/Tenerife-Weather-Water-temperature-celcius.png?resize=600%2C371&amp;ssl=1 600w, https:\/\/i0.wp.com\/www.checkedholidays.com\/wp-content\/uploads\/2021\/12\/Tenerife-Weather-Water-temperature-celcius.png?resize=800%2C495&amp;ssl=1 800w, https:\/\/i0.wp.com\/www.checkedholidays.com\/wp-content\/uploads\/2021\/12\/Tenerife-Weather-Water-temperature-celcius.png?w=1158&amp;ssl=1 1158w\" sizes=\"auto, (max-width: 1024px) 100vw, 1024px\" \/><figcaption class=\"wp-element-caption\">J\u016bras \u016bdens temperat\u016bra Tenerif\u0113 pa m\u0113ne\u0161iem (p\u0113c Celsija)<\/figcaption><\/figure>\n\n<p class=\"wp-block-paragraph\">J\u016bras \u016bdens Tenerif\u0113 ir diezgan stabils visu gadu un pied\u0101v\u0101 peld\u0113\u0161anai piem\u0113rotu temperat\u016bru. Tom\u0113r febru\u0101r\u012b un mart\u0101 da\u017eiem var b\u016bt p\u0101r\u0101k auksti. Daudz\u0101s viesn\u012bc\u0101s \u0161ajos m\u0113ne\u0161os ir apsild\u0101mi baseini. <\/p>\n\n<h2 class=\"wp-block-heading\"><span class=\"ez-toc-section\" id=\"Tenerife_pa_menesiem\"><\/span>Tenerife pa m\u0113ne\u0161iem<span class=\"ez-toc-section-end\"><\/span><\/h2>\n\n<h3 class=\"wp-block-heading\" id=\"January\"><span class=\"ez-toc-section\" id=\"Janvaris_%E2%80%93_labakais_ziemas_begsanai\"><\/span>Janv\u0101ris &#8211; lab\u0101kais ziemas b\u0113g\u0161anai<span class=\"ez-toc-section-end\"><\/span><\/h3>\n\n<p class=\"wp-block-paragraph\">\u2600\ufe0f Janv\u0101ris Tenerif\u0113 ir pat\u012bkami maigs un ide\u0101li piem\u0113rots ziemas atp\u016btai, ta\u010du da\u017ei to neuzskata par pludmales laika apst\u0101k\u013ciem. Vid\u0113j\u0101 temperat\u016bra dien\u0101 b\u016bs aptuveni 20\u00b0C. <\/p>\n\n<p class=\"wp-block-paragraph\">? \u012apa\u0161i Jaungada un skolas br\u012bvdien\u0101s, m\u0113ne\u0161a s\u0101kum\u0101, tas ir \u013coti d\u0101rgi . Lab\u0101kus br\u012bvdienu pied\u0101v\u0101jumus parasti var atrast m\u0113ne\u0161a beig\u0101s. <\/p>\n\n<p class=\"wp-block-paragraph\">? Iesp\u0113jams, \u0161om\u0113nes jums nevajadz\u0113tu doties uz salas zieme\u013ciem, jo t\u0101d\u0101s viet\u0101s k\u0101 Puertoriko de la Krusa b\u016bs vair\u0101k m\u0101ko\u0146u un lietus. \u0160om\u0113nes dienvidi ir lab\u0101ka izv\u0113le, jo tur ir silt\u0101ks un saulain\u0101ks laiks. <\/p>\n\n<h3 class=\"wp-block-heading\" id=\"February\"><span class=\"ez-toc-section\" id=\"Februaris_%E2%80%93_letakas_ziemas_begsanas\"><\/span>Febru\u0101ris &#8211; l\u0113t\u0101kas ziemas b\u0113g\u0161anas<span class=\"ez-toc-section-end\"><\/span><\/h3>\n\n<p class=\"wp-block-paragraph\">\u2600\ufe0f Febru\u0101ris ir gada aukst\u0101kais m\u0113nesis ar vid\u0113jo diennakts temperat\u016bru 19\u00b0C. Tom\u0113r tas joproj\u0101m ir labs laiks ziemas atp\u016btai, ta\u010du ne visi to nosauks par pludmales laikapst\u0101k\u013ciem. <\/p>\n\n<p class=\"wp-block-paragraph\">? Cenas ir vienas no augst\u0101kaj\u0101m gada laik\u0101, \u012bpa\u0161i popul\u0101r\u0101 karnev\u0101la laik\u0101.<\/p>\n\n<p class=\"wp-block-paragraph\">?Lai nodro\u0161in\u0101tu lab\u0101kos laikapst\u0101k\u013cus, vislab\u0101k ir uztur\u0113ties dienvidos, bet, ja j\u016bs esat \u0161eit uz karnev\u0101lu, vislab\u0101k\u0101s vietas ir Santa Krusa un Puertoriko de la Krusa. T\u0101d\u0101s viet\u0101s k\u0101 El Medano, Las Galletas, Costa del Silencio un Golf del Sur \u0161ajos m\u0113ne\u0161os lab\u0101k izvair\u012bties, lai izvair\u012btos no v\u0113jiem, kas liek justies aukst\u0101k. <\/p>\n\n<h3 class=\"wp-block-heading\" id=\"March\"><span class=\"ez-toc-section\" id=\"Marts_%E2%80%93_mazak_pulu_un_izdevigi_piedavajumi\"><\/span>Marts &#8211; maz\u0101k p\u016b\u013cu un izdev\u012bgi pied\u0101v\u0101jumi<span class=\"ez-toc-section-end\"><\/span><\/h3>\n\n<p class=\"wp-block-paragraph\">\u2600\ufe0f \u0160om\u0113nes k\u013c\u016bs silt\u0101ks, vid\u0113j\u0101 temperat\u016bra dien\u0101 b\u016bs aptuveni 20\u00b0C un vair\u0101k saules. Tas ir ide\u0101li piem\u0113rots akt\u012bv\u0101m un saulain\u0101m br\u012bvdien\u0101m, ta\u010du da\u017eas m\u0113ne\u0161a dienas, iesp\u0113jams, neb\u016bs ide\u0101li piem\u0113rotas pludmales br\u012bvdien\u0101m. <\/p>\n\n<p class=\"wp-block-paragraph\">? Mart\u0101 bie\u017ei vien ir izdev\u012bgi br\u012bvdienu pied\u0101v\u0101jumi starp popul\u0101ro ziemas sezonu un pirms Lieldienu br\u012bvdien\u0101m. \u0160aj\u0101 m\u0113nes\u012b Tenerif\u0113 cenas ir vid\u0113j\u0101s. <\/p>\n\n<p class=\"wp-block-paragraph\">? \u0160om\u0113nes \u012bpa\u0161i piem\u0113roti ir liel\u0101kie un popul\u0101r\u0101kie atp\u016btas galam\u0113r\u0137i salas dienvidos, piem\u0113ram, Kosta Adeje, Los Kristianos un Playa de Las Americas, jo citi galam\u0113r\u0137i \u0161aj\u0101 laik\u0101 var b\u016bt diezgan tuk\u0161i.<\/p>\n\n<h3 class=\"wp-block-heading\" id=\"April\"><span class=\"ez-toc-section\" id=\"Aprilis_%E2%80%93_Lieldienu_brivdienas\"><\/span>Apr\u012blis &#8211; Lieldienu br\u012bvdienas<span class=\"ez-toc-section-end\"><\/span><\/h3>\n\n<p class=\"wp-block-paragraph\">\u2600\ufe0f \u0160is ir pirmais m\u0113nesis, kas parasti ir past\u0101v\u012bgi silts, ar pat\u012bkamiem laika apst\u0101k\u013ciem un vid\u0113jo dienas temperat\u016bru 20\u00b0C. Lieliski piem\u0113rots gan pludmales, gan akt\u012bvai atp\u016btai. <\/p>\n\n<p class=\"wp-block-paragraph\">? Lieldienu br\u012bvdienas, parasti apr\u012b\u013ca pirm\u0101s divas ned\u0113\u013cas, ir vienas no d\u0101rg\u0101kaj\u0101m ned\u0113\u013c\u0101m Tenerif\u0113, t\u0101p\u0113c, ja iesp\u0113jams, lab\u0101k no t\u0101m izvair\u012bties. P\u0101r\u0113j\u0101s ned\u0113\u013c\u0101s cenas b\u016bs vid\u0113jas. <\/p>\n\n<p class=\"wp-block-paragraph\">?Lieldienu laik\u0101 lab\u0101k mekl\u0113t pied\u0101v\u0101jumus maz\u0101kos un maz\u0101k zin\u0101mos Tenerifes br\u012bvdienu galam\u0113r\u0137os, piem\u0113ram, Puerto de Santiago, Los Gigantes, Golf del Sur un Costa del Silencio, lai ieg\u016btu lab\u0101kas cenas.<\/p>\n\n<h3 class=\"wp-block-heading\" id=\"May\"><span class=\"ez-toc-section\" id=\"Maijs_%E2%80%93_Letakais\"><\/span>Maijs &#8211; L\u0113t\u0101kais<span class=\"ez-toc-section-end\"><\/span><\/h3>\n\n<p class=\"wp-block-paragraph\">\u2600\ufe0f Silts un sauss laiks ar vid\u0113jo dienas temperat\u016bru aptuveni 21\u00b0C. \u0160is ir ar\u012b pirmais m\u0113nesis gad\u0101, kad nav lietus dienu. <\/p>\n\n<p class=\"wp-block-paragraph\">? Cenas parasti ir vienas no zem\u0101kaj\u0101m gada laik\u0101, t\u0101p\u0113c tas ir ide\u0101li piem\u0113rots cilv\u0113kiem ar maz\u0101ku bud\u017eetu.<\/p>\n\n<p class=\"wp-block-paragraph\">?Jebkura vieta uz salas ir piem\u0113rota, ta\u010du jums vajadz\u0113tu izvair\u012bties no maz\u0101k zin\u0101miem Tenerifes atp\u016btas galam\u0113r\u0137iem, jo maij\u0101 tie var \u0161\u0137ist nedaudz tuk\u0161i. Ar\u012b b\u0101ri, restor\u0101ni un viesn\u012bcas, kas gada laik\u0101 tiek sl\u0113gtas remontdarbu vai br\u012bvdienu d\u0113\u013c, parasti to dara maij\u0101. Maz\u0101kos un maz\u0101k zin\u0101mos br\u012bvdienu galam\u0113r\u0137os to paman\u012bsiet vair\u0101k.  <\/p>\n\n<h3 class=\"wp-block-heading\" id=\"June\"><span class=\"ez-toc-section\" id=\"Junijs_%E2%80%93_Vasaras_laikapstakli_bet_vel_ne_parak_aiznemts\"><\/span>J\u016bnijs &#8211; Vasaras laikapst\u0101k\u013ci, bet v\u0113l ne p\u0101r\u0101k aiz\u0146emts<span class=\"ez-toc-section-end\"><\/span><\/h3>\n\n<p class=\"wp-block-paragraph\">\u2600\ufe0f Pirmie patie\u0161\u0101m karstie vasaras laikapst\u0101k\u013ci ar vid\u0113jo diennakts temperat\u016bru ap 23\u00b0C, daudz saules un bez lietus.<\/p>\n\n<p class=\"wp-block-paragraph\">? J\u016bnij\u0101 ir vislab\u0101k\u0101 cena kvalit\u0101te. Cenas ir god\u012bgas, ta\u010du ir ar\u012b lieliski laikapst\u0101k\u013ci un v\u0113l nav vasar\u0101 p\u0101rpild\u012bta cilv\u0113ku p\u016b\u013ca. <\/p>\n\n<p class=\"wp-block-paragraph\">?Jebkura vieta uz salas ir lieliska.<\/p>\n\n<h3 class=\"wp-block-heading\" id=\"July\"><span class=\"ez-toc-section\" id=\"Julijs_%E2%80%93_vasaras_sezonas_kulminacija_ar_karstiem_laikapstakliem\"><\/span>J\u016blijs &#8211; vasaras sezonas kulmin\u0101cija ar karstiem laikapst\u0101k\u013ciem<span class=\"ez-toc-section-end\"><\/span><\/h3>\n\n<p class=\"wp-block-paragraph\">\u2600\ufe0f Kop\u0101 ar augustu tas ir karst\u0101kais, saus\u0101kais un silt\u0101kais m\u0113nesis sal\u0101, ar vid\u0113jo diennakts temperat\u016bru ap 25\u00b0C. Ta\u010du tam ir ar\u012b visaugst\u0101k\u0101 UV indeksa v\u0113rt\u012bba, t\u0101p\u0113c noteikti lietojiet saules aizsargkr\u0113mu. <\/p>\n\n<p class=\"wp-block-paragraph\">? Cenas ir visaugst\u0101k\u0101s, jo s\u0101kas vasaras atva\u013cin\u0101jumu sezona, kad salu apmekl\u0113 daudzas \u0123imenes.<\/p>\n\n<p class=\"wp-block-paragraph\">?Jebkura Tenerifes vieta ir lieliska. \u0160is ir ar\u012b ide\u0101ls m\u0113nesis, lai apmekl\u0113tu Puertoriko de la Kr\u016bzu tiem, kas v\u0113las iepaz\u012bt sul\u012bg\u0101ku un za\u013c\u0101ku Tenerifi. Costa del Silencio, Golf del Sur un El Medano j\u016bnij\u0101 pied\u0101v\u0101 pat\u012bkamu v\u0113sumu. Costa Adeje, Playa de Las Americas un Los Cristianos \u0161aj\u0101 laik\u0101 b\u016bs \u013coti p\u0101rpild\u012btas.   <\/p>\n\n<h3 class=\"wp-block-heading\" id=\"August\"><span class=\"ez-toc-section\" id=\"Augusts_%E2%80%93_ideali_piemerots_gimenes_pludmales_brivdienam\"><\/span>Augusts &#8211; ide\u0101li piem\u0113rots \u0123imenes pludmales br\u012bvdien\u0101m<span class=\"ez-toc-section-end\"><\/span><\/h3>\n\n<p class=\"wp-block-paragraph\">\u2600\ufe0f Kop\u0101 ar j\u016bliju ir vislab\u0101kie un karst\u0101kie laikapst\u0101k\u013ci ar vid\u0113jo diennakts temperat\u016bru ap 26\u00b0C. Ta\u010du \u0161aj\u0101 m\u0113nes\u012b ir ar\u012b augst\u0101ka UV indeksa v\u0113rt\u012bba, t\u0101p\u0113c noteikti pasarg\u0101jiet sevi un savus b\u0113rnus ar saules aizsargkr\u0113mu. <\/p>\n\n<p class=\"wp-block-paragraph\">? Cenas ir visaugst\u0101k\u0101s, jo uz salu pl\u016bst \u0123imenes.<\/p>\n\n<p class=\"wp-block-paragraph\">?Jebkura Tenerifes vieta ir lieliska. Ja v\u0113laties izvair\u012bties no da\u017ek\u0101rt ekstr\u0113m\u0101m temperat\u016br\u0101m, Tenerifes zieme\u013ci august\u0101 ir neticami labi. \u0160om\u0113nes t\u0101das vietas k\u0101 Costa Adeje, Playa de Las Americas un Los Cristianos b\u016bs p\u0101rpild\u012btas. Costa del Silencio, Golf del Sur un El Medano august\u0101 ir v\u0113si, kas atv\u0113sina.     <\/p>\n\n<h3 class=\"wp-block-heading\" id=\"September\"><span class=\"ez-toc-section\" id=\"Septembris_%E2%80%93_lieliski_laikapstakli_zemakas_cenas_un_daudz_studentu_kas_apmekle_klubus\"><\/span>Septembris &#8211; lieliski laikapst\u0101k\u013ci, zem\u0101kas cenas un daudz studentu, kas apmekl\u0113 klubus.<span class=\"ez-toc-section-end\"><\/span><\/h3>\n\n<p class=\"wp-block-paragraph\">\u2600\ufe0f \u013boti l\u012bdz\u012bgi laikapst\u0101k\u013ci vasar\u0101 k\u0101 j\u016blij\u0101 un august\u0101, vid\u0113j\u0101 temperat\u016bra dien\u0101 ir aptuveni 25\u00b0C.<\/p>\n\n<p class=\"wp-block-paragraph\">? Cenas Tenerif\u0113 s\u0101k samazin\u0101ties un atgriezties pie vid\u0113j\u0101 l\u012bme\u0146a, jo \u012bpa\u0161i m\u0113ne\u0161a beig\u0101s, kad b\u0113rni atgrie\u017eas skol\u0101.<\/p>\n\n<p class=\"wp-block-paragraph\">?\u0160aj\u0101 m\u0113nes\u012b jebkur\u0101 Tenerifes viet\u0101 ir lieliski.<\/p>\n\n<h3 class=\"wp-block-heading\" id=\"October\"><span class=\"ez-toc-section\" id=\"Oktobris_%E2%80%93_Rudens_saule_bet_joprojam_silts\"><\/span>Oktobris &#8211; Rudens saule, bet joproj\u0101m silts<span class=\"ez-toc-section-end\"><\/span><\/h3>\n\n<p class=\"wp-block-paragraph\">\u2600\ufe0f Joproj\u0101m p\u0101rsvar\u0101 silti vasaras laikapst\u0101k\u013ci un silts j\u016bras \u016bdens, bet iesp\u0113jamas da\u017eas lietainas dienas un vair\u0101k nokri\u0161\u0146u, parasti m\u0113ne\u0161a beig\u0101s.<\/p>\n\n<p class=\"wp-block-paragraph\">? \u0160aj\u0101 m\u0113nes\u012b cenas var b\u016bt diezgan zemas, iz\u0146emot skol\u0113nu br\u012bvdienu laik\u0101.<\/p>\n\n<p class=\"wp-block-paragraph\">?Jebkura salas vieta ir piem\u0113rota, ta\u010du jums vajadz\u0113tu s\u0101kt izvair\u012bties no zieme\u013cu da\u013cas, jo tur k\u013c\u016bs m\u0101ko\u0146ain\u0101ks un lietain\u0101ks, \u012bpa\u0161i m\u0113ne\u0161a beig\u0101s. \u0160aj\u0101 m\u0113nes\u012b da\u017ei b\u0101ri, restor\u0101ni un viesn\u012bcas var tikt sl\u0113gti remontdarbu vai br\u012bvdienu d\u0113\u013c. T\u0101p\u0113c lab\u0101k apmetieties uz dz\u012bvi k\u0101d\u0101 no liel\u0101kaj\u0101m atp\u016btas viet\u0101m sal\u0101s, jo tur tas ir maz\u0101k j\u016btams.  <\/p>\n\n<h3 class=\"wp-block-heading\" id=\"November\"><span class=\"ez-toc-section\" id=\"Novembris_%E2%80%93_atdziest_bet_joprojam_piemerots_pludmalei\"><\/span>Novembris &#8211; atdziest, bet joproj\u0101m piem\u0113rots pludmalei<span class=\"ez-toc-section-end\"><\/span><\/h3>\n\n<p class=\"wp-block-paragraph\">\u2600\ufe0f Laikapst\u0101k\u013ci un temperat\u016bra joproj\u0101m ir labi, vid\u0113j\u0101 temperat\u016bra dien\u0101 ir aptuveni 22\u00b0C, ta\u010du arvien bie\u017e\u0101k ir m\u0101ko\u0146ainas un lietainas dienas. \u012apa\u0161i salas zieme\u013cos da\u017eviet ir daudz nokri\u0161\u0146u. <\/p>\n\n<p class=\"wp-block-paragraph\">? \u0160om\u0113nes var atrast l\u0113tas cenas un pied\u0101v\u0101jumus. Tom\u0113r paturiet pr\u0101t\u0101, ka laikapst\u0101k\u013ci s\u0101k k\u013c\u016bt v\u0113s\u0101ki, t\u0101p\u0113c oktobris ar bie\u017ei vien t\u0101d\u0101m pa\u0161\u0101m cen\u0101m ir izdev\u012bg\u0101ks m\u0113nesis Tenerifes apmekl\u0113jumam. <\/p>\n\n<p class=\"wp-block-paragraph\">?Lai ieg\u016btu lab\u0101kos laika apst\u0101k\u013cus pludmales br\u012bvdien\u0101m, lab\u0101k ir netuvoties salas zieme\u013cu da\u013cai, jo tur laiks k\u013c\u016bst m\u0101ko\u0146ain\u0101ks un lietain\u0101ks.<\/p>\n\n<h3 class=\"wp-block-heading\" id=\"December\"><span class=\"ez-toc-section\" id=\"Decembris_%E2%80%93_Ziemas_saule_Ziemassvetku_brivdienas\"><\/span>Decembris &#8211; Ziemas saule Ziemassv\u0113tku br\u012bvdien\u0101s<span class=\"ez-toc-section-end\"><\/span><\/h3>\n\n<p class=\"wp-block-paragraph\">\u2600\ufe0f T\u0101 ir viena no lab\u0101kaj\u0101m viet\u0101m Eirop\u0101, kur izvair\u012bties no aukstaj\u0101m ziem\u0101m, jo vid\u0113j\u0101 temperat\u016bra dien\u0101 ir 21\u00b0C. Ne visi to nosauks par pludmales laikapst\u0101k\u013ciem, bet liel\u0101k\u0101 da\u013ca ziemas laik\u0101. \u0160is ir ar\u012b m\u0113nesis, kad ir visliel\u0101k\u0101 lietus iesp\u0113jam\u012bba.  <\/p>\n\n<p class=\"wp-block-paragraph\">? \u0160aj\u0101 m\u0113nes\u012b Tenerif\u0113 cenas ir augstas. Jaungada un Ziemassv\u0113tku laik\u0101 cenas ir \u0101rk\u0101rt\u012bgi augstas, t\u0101p\u0113c \u0161\u012bs ned\u0113\u013cas Tenerif\u0113 ir visd\u0101rg\u0101k\u0101s gada laik\u0101. <\/p>\n\n<p class=\"wp-block-paragraph\">?Salas zieme\u013cu da\u013cu lab\u0101k apiet, ja v\u0113laties, lai dienas b\u016btu saulainas un siltas. Ziemassv\u0113tku br\u012bvdienu laik\u0101 lab\u0101k tur\u0113ties t\u0101l\u0101k no liel\u0101kiem un slaven\u0101kiem salas atp\u016btas galam\u0113r\u0137iem un mekl\u0113t lab\u0101kas cenas t\u0101d\u0101s viet\u0101s k\u0101 Playa Paraiso, Callao Salvaje, Los Gigantes vai Puerto de Santiago. <\/p>\n","protected":false},"excerpt":{"rendered":"<p>Kad vislab\u0101k doties atva\u013cin\u0101jum\u0101 uz Tenerifi? Tas ir atkar\u012bgs no t\u0101, ko j\u016bs mekl\u0113jat. Maijs, oktobris un novembris ir visl\u0113t\u0101kie, bet j\u016bnijs un septembris pied\u0101v\u0101 lielisku cenas un v\u0113rt\u012bbas attiec\u012bbu. J\u016blij\u0101 un august\u0101 ir vislab\u0101kie laikapst\u0101k\u013ci, bet augst\u0101kas cenas. Ziemas m\u0113ne\u0161i piesaista apmekl\u0113t\u0101jus, kas b\u0113g no Eiropas aukstuma, ta\u010du tie var b\u016bt d\u0101rgi. Dienvidu apgabali ir ieteicam\u0101ki, jo tajos ir lab\u0101ki laikapst\u0101k\u013ci.     <\/p>\n","protected":false},"author":1,"featured_media":61251,"comment_status":"closed","ping_status":"open","sticky":false,"template":"","format":"standard","meta":{"_crdt_document":"","_jetpack_memberships_contains_paid_content":false,"footnotes":""},"categories":[820],"tags":[791,792,724],"class_list":["post-61198","post","type-post","status-publish","format-standard","has-post-thumbnail","hentry","category-tenerife-lv","tag-kad","tag-laikapstakli","tag-tenerife-lv"],"yoast_head":"<!-- This site is optimized with the Yoast SEO plugin v27.5 - https:\/\/yoast.com\/product\/yoast-seo-wordpress\/ -->\n<title>Tenerife: Laiks un kad doties uz<\/title>\n<meta name=\"description\" content=\"Atkl\u0101jiet lab\u0101ko laiku sav\u0101m br\u012bvdien\u0101m Tenerif\u0113, izmantojot \u0161o visaptvero\u0161o m\u0113nesis pa m\u0113nesim laikapst\u0101k\u013cu un cenu ce\u013cvedi.\" \/>\n<meta name=\"robots\" content=\"index, follow, max-snippet:-1, max-image-preview:large, max-video-preview:-1\" \/>\n<link rel=\"canonical\" href=\"https:\/\/www.checkedholidays.com\/lv\/tenerife-laiks-un-kad-doties-uz-to\/\" \/>\n<meta property=\"og:locale\" content=\"lv_LV\" \/>\n<meta property=\"og:type\" content=\"article\" \/>\n<meta property=\"og:title\" content=\"Tenerife: Laiks un kad doties uz\" \/>\n<meta property=\"og:description\" content=\"Atkl\u0101jiet lab\u0101ko laiku sav\u0101m br\u012bvdien\u0101m Tenerif\u0113, izmantojot \u0161o visaptvero\u0161o m\u0113nesis pa m\u0113nesim laikapst\u0101k\u013cu un cenu ce\u013cvedi.\" \/>\n<meta property=\"og:url\" content=\"https:\/\/www.checkedholidays.com\/lv\/tenerife-laiks-un-kad-doties-uz-to\/\" \/>\n<meta property=\"og:site_name\" content=\"CheckedHolidays\" \/>\n<meta property=\"article:publisher\" content=\"http:\/\/www.facebook.com\/checkedholidays\" \/>\n<meta property=\"article:published_time\" content=\"2023-09-11T16:46:44+00:00\" \/>\n<meta property=\"article:modified_time\" content=\"2025-03-06T15:27:21+00:00\" \/>\n<meta property=\"og:image\" content=\"https:\/\/i0.wp.com\/www.checkedholidays.com\/wp-content\/uploads\/2022\/01\/Tenerife-Weather-Sunshine-and-daylight-.png?fit=1010%2C622&ssl=1\" \/>\n\t<meta property=\"og:image:width\" content=\"1010\" \/>\n\t<meta property=\"og:image:height\" content=\"622\" \/>\n\t<meta property=\"og:image:type\" content=\"image\/png\" \/>\n<meta name=\"author\" content=\"Ive\" \/>\n<meta name=\"twitter:card\" content=\"summary_large_image\" \/>\n<meta name=\"twitter:creator\" content=\"@checkedholidays\" \/>\n<meta name=\"twitter:site\" content=\"@checkedholidays\" \/>\n<meta name=\"twitter:label1\" content=\"Written by\" \/>\n\t<meta name=\"twitter:data1\" content=\"Ive\" \/>\n\t<meta name=\"twitter:label2\" content=\"Est. reading time\" \/>\n\t<meta name=\"twitter:data2\" content=\"10 minutes\" \/>\n<script type=\"application\/ld+json\" class=\"yoast-schema-graph\">{\"@context\":\"https:\\\/\\\/schema.org\",\"@graph\":[{\"@type\":\"Article\",\"@id\":\"https:\\\/\\\/www.checkedholidays.com\\\/lv\\\/tenerife-laiks-un-kad-doties-uz-to\\\/#article\",\"isPartOf\":{\"@id\":\"https:\\\/\\\/www.checkedholidays.com\\\/lv\\\/tenerife-laiks-un-kad-doties-uz-to\\\/\"},\"author\":{\"name\":\"Ive\",\"@id\":\"https:\\\/\\\/www.checkedholidays.com\\\/lv\\\/#\\\/schema\\\/person\\\/3828a7a42729238a4fc4d64e5fba96e4\"},\"headline\":\"Tenerife: Laiks un kad doties uz\",\"datePublished\":\"2023-09-11T16:46:44+00:00\",\"dateModified\":\"2025-03-06T15:27:21+00:00\",\"mainEntityOfPage\":{\"@id\":\"https:\\\/\\\/www.checkedholidays.com\\\/lv\\\/tenerife-laiks-un-kad-doties-uz-to\\\/\"},\"wordCount\":1992,\"image\":{\"@id\":\"https:\\\/\\\/www.checkedholidays.com\\\/lv\\\/tenerife-laiks-un-kad-doties-uz-to\\\/#primaryimage\"},\"thumbnailUrl\":\"https:\\\/\\\/i0.wp.com\\\/www.checkedholidays.com\\\/wp-content\\\/uploads\\\/2022\\\/01\\\/Tenerife-Weather-Sunshine-and-daylight-.png?fit=1010%2C622&ssl=1\",\"keywords\":[\"kad\",\"laikapst\u0101k\u013ci\",\"Tenerife\"],\"articleSection\":[\"Tenerife\"],\"inLanguage\":\"lv-LV\"},{\"@type\":\"WebPage\",\"@id\":\"https:\\\/\\\/www.checkedholidays.com\\\/lv\\\/tenerife-laiks-un-kad-doties-uz-to\\\/\",\"url\":\"https:\\\/\\\/www.checkedholidays.com\\\/lv\\\/tenerife-laiks-un-kad-doties-uz-to\\\/\",\"name\":\"Tenerife: Laiks un kad doties uz\",\"isPartOf\":{\"@id\":\"https:\\\/\\\/www.checkedholidays.com\\\/lv\\\/#website\"},\"primaryImageOfPage\":{\"@id\":\"https:\\\/\\\/www.checkedholidays.com\\\/lv\\\/tenerife-laiks-un-kad-doties-uz-to\\\/#primaryimage\"},\"image\":{\"@id\":\"https:\\\/\\\/www.checkedholidays.com\\\/lv\\\/tenerife-laiks-un-kad-doties-uz-to\\\/#primaryimage\"},\"thumbnailUrl\":\"https:\\\/\\\/i0.wp.com\\\/www.checkedholidays.com\\\/wp-content\\\/uploads\\\/2022\\\/01\\\/Tenerife-Weather-Sunshine-and-daylight-.png?fit=1010%2C622&ssl=1\",\"datePublished\":\"2023-09-11T16:46:44+00:00\",\"dateModified\":\"2025-03-06T15:27:21+00:00\",\"author\":{\"@id\":\"https:\\\/\\\/www.checkedholidays.com\\\/lv\\\/#\\\/schema\\\/person\\\/3828a7a42729238a4fc4d64e5fba96e4\"},\"description\":\"Atkl\u0101jiet lab\u0101ko laiku sav\u0101m br\u012bvdien\u0101m Tenerif\u0113, izmantojot \u0161o visaptvero\u0161o m\u0113nesis pa m\u0113nesim laikapst\u0101k\u013cu un cenu ce\u013cvedi.\",\"breadcrumb\":{\"@id\":\"https:\\\/\\\/www.checkedholidays.com\\\/lv\\\/tenerife-laiks-un-kad-doties-uz-to\\\/#breadcrumb\"},\"inLanguage\":\"lv-LV\",\"potentialAction\":[{\"@type\":\"ReadAction\",\"target\":[\"https:\\\/\\\/www.checkedholidays.com\\\/lv\\\/tenerife-laiks-un-kad-doties-uz-to\\\/\"]}]},{\"@type\":\"ImageObject\",\"inLanguage\":\"lv-LV\",\"@id\":\"https:\\\/\\\/www.checkedholidays.com\\\/lv\\\/tenerife-laiks-un-kad-doties-uz-to\\\/#primaryimage\",\"url\":\"https:\\\/\\\/i0.wp.com\\\/www.checkedholidays.com\\\/wp-content\\\/uploads\\\/2022\\\/01\\\/Tenerife-Weather-Sunshine-and-daylight-.png?fit=1010%2C622&ssl=1\",\"contentUrl\":\"https:\\\/\\\/i0.wp.com\\\/www.checkedholidays.com\\\/wp-content\\\/uploads\\\/2022\\\/01\\\/Tenerife-Weather-Sunshine-and-daylight-.png?fit=1010%2C622&ssl=1\",\"width\":1010,\"height\":622},{\"@type\":\"BreadcrumbList\",\"@id\":\"https:\\\/\\\/www.checkedholidays.com\\\/lv\\\/tenerife-laiks-un-kad-doties-uz-to\\\/#breadcrumb\",\"itemListElement\":[{\"@type\":\"ListItem\",\"position\":1,\"name\":\"Home\",\"item\":\"https:\\\/\\\/www.checkedholidays.com\\\/lv\\\/\"},{\"@type\":\"ListItem\",\"position\":2,\"name\":\"Tenerife: Laiks un kad doties uz\"}]},{\"@type\":\"WebSite\",\"@id\":\"https:\\\/\\\/www.checkedholidays.com\\\/lv\\\/#website\",\"url\":\"https:\\\/\\\/www.checkedholidays.com\\\/lv\\\/\",\"name\":\"CheckedHolidays\",\"description\":\"Spanish island holidays... but better!\",\"potentialAction\":[{\"@type\":\"SearchAction\",\"target\":{\"@type\":\"EntryPoint\",\"urlTemplate\":\"https:\\\/\\\/www.checkedholidays.com\\\/lv\\\/?s={search_term_string}\"},\"query-input\":{\"@type\":\"PropertyValueSpecification\",\"valueRequired\":true,\"valueName\":\"search_term_string\"}}],\"inLanguage\":\"lv-LV\"},{\"@type\":\"Person\",\"@id\":\"https:\\\/\\\/www.checkedholidays.com\\\/lv\\\/#\\\/schema\\\/person\\\/3828a7a42729238a4fc4d64e5fba96e4\",\"name\":\"Ive\",\"image\":{\"@type\":\"ImageObject\",\"inLanguage\":\"lv-LV\",\"@id\":\"https:\\\/\\\/secure.gravatar.com\\\/avatar\\\/b77a998d224c6c571e55e9c45c7f21c69b09df2c3dc1c54c6cd6f46ad4c88d26?s=96&d=mm&r=g\",\"url\":\"https:\\\/\\\/secure.gravatar.com\\\/avatar\\\/b77a998d224c6c571e55e9c45c7f21c69b09df2c3dc1c54c6cd6f46ad4c88d26?s=96&d=mm&r=g\",\"contentUrl\":\"https:\\\/\\\/secure.gravatar.com\\\/avatar\\\/b77a998d224c6c571e55e9c45c7f21c69b09df2c3dc1c54c6cd6f46ad4c88d26?s=96&d=mm&r=g\",\"caption\":\"Ive\"},\"description\":\"Hi, I'm Ive. I lived, worked and travelled on the Spanish Islands for over 20 years. It is there that I started the YouTube channel (www.youtube.com\\\/@checkedholidays) and website (www.checkedholidays.com) to help people have better holidays on the islands. This hobby turned into a fulltime job and mission overtime.\",\"sameAs\":[\"https:\\\/\\\/www.checkedholidays.com\\\/about\\\/\",\"https:\\\/\\\/www.youtube.com\\\/@checkedholidays\"]}]}<\/script>\n<!-- \/ Yoast SEO plugin. -->","yoast_head_json":{"title":"Tenerife: Laiks un kad doties uz","description":"Atkl\u0101jiet lab\u0101ko laiku sav\u0101m br\u012bvdien\u0101m Tenerif\u0113, izmantojot \u0161o visaptvero\u0161o m\u0113nesis pa m\u0113nesim laikapst\u0101k\u013cu un cenu ce\u013cvedi.","robots":{"index":"index","follow":"follow","max-snippet":"max-snippet:-1","max-image-preview":"max-image-preview:large","max-video-preview":"max-video-preview:-1"},"canonical":"https:\/\/www.checkedholidays.com\/lv\/tenerife-laiks-un-kad-doties-uz-to\/","og_locale":"lv_LV","og_type":"article","og_title":"Tenerife: Laiks un kad doties uz","og_description":"Atkl\u0101jiet lab\u0101ko laiku sav\u0101m br\u012bvdien\u0101m Tenerif\u0113, izmantojot \u0161o visaptvero\u0161o m\u0113nesis pa m\u0113nesim laikapst\u0101k\u013cu un cenu ce\u013cvedi.","og_url":"https:\/\/www.checkedholidays.com\/lv\/tenerife-laiks-un-kad-doties-uz-to\/","og_site_name":"CheckedHolidays","article_publisher":"http:\/\/www.facebook.com\/checkedholidays","article_published_time":"2023-09-11T16:46:44+00:00","article_modified_time":"2025-03-06T15:27:21+00:00","og_image":[{"width":1010,"height":622,"url":"https:\/\/i0.wp.com\/www.checkedholidays.com\/wp-content\/uploads\/2022\/01\/Tenerife-Weather-Sunshine-and-daylight-.png?fit=1010%2C622&ssl=1","type":"image\/png"}],"author":"Ive","twitter_card":"summary_large_image","twitter_creator":"@checkedholidays","twitter_site":"@checkedholidays","twitter_misc":{"Written by":"Ive","Est. reading time":"10 minutes"},"schema":{"@context":"https:\/\/schema.org","@graph":[{"@type":"Article","@id":"https:\/\/www.checkedholidays.com\/lv\/tenerife-laiks-un-kad-doties-uz-to\/#article","isPartOf":{"@id":"https:\/\/www.checkedholidays.com\/lv\/tenerife-laiks-un-kad-doties-uz-to\/"},"author":{"name":"Ive","@id":"https:\/\/www.checkedholidays.com\/lv\/#\/schema\/person\/3828a7a42729238a4fc4d64e5fba96e4"},"headline":"Tenerife: Laiks un kad doties uz","datePublished":"2023-09-11T16:46:44+00:00","dateModified":"2025-03-06T15:27:21+00:00","mainEntityOfPage":{"@id":"https:\/\/www.checkedholidays.com\/lv\/tenerife-laiks-un-kad-doties-uz-to\/"},"wordCount":1992,"image":{"@id":"https:\/\/www.checkedholidays.com\/lv\/tenerife-laiks-un-kad-doties-uz-to\/#primaryimage"},"thumbnailUrl":"https:\/\/i0.wp.com\/www.checkedholidays.com\/wp-content\/uploads\/2022\/01\/Tenerife-Weather-Sunshine-and-daylight-.png?fit=1010%2C622&ssl=1","keywords":["kad","laikapst\u0101k\u013ci","Tenerife"],"articleSection":["Tenerife"],"inLanguage":"lv-LV"},{"@type":"WebPage","@id":"https:\/\/www.checkedholidays.com\/lv\/tenerife-laiks-un-kad-doties-uz-to\/","url":"https:\/\/www.checkedholidays.com\/lv\/tenerife-laiks-un-kad-doties-uz-to\/","name":"Tenerife: Laiks un kad doties uz","isPartOf":{"@id":"https:\/\/www.checkedholidays.com\/lv\/#website"},"primaryImageOfPage":{"@id":"https:\/\/www.checkedholidays.com\/lv\/tenerife-laiks-un-kad-doties-uz-to\/#primaryimage"},"image":{"@id":"https:\/\/www.checkedholidays.com\/lv\/tenerife-laiks-un-kad-doties-uz-to\/#primaryimage"},"thumbnailUrl":"https:\/\/i0.wp.com\/www.checkedholidays.com\/wp-content\/uploads\/2022\/01\/Tenerife-Weather-Sunshine-and-daylight-.png?fit=1010%2C622&ssl=1","datePublished":"2023-09-11T16:46:44+00:00","dateModified":"2025-03-06T15:27:21+00:00","author":{"@id":"https:\/\/www.checkedholidays.com\/lv\/#\/schema\/person\/3828a7a42729238a4fc4d64e5fba96e4"},"description":"Atkl\u0101jiet lab\u0101ko laiku sav\u0101m br\u012bvdien\u0101m Tenerif\u0113, izmantojot \u0161o visaptvero\u0161o m\u0113nesis pa m\u0113nesim laikapst\u0101k\u013cu un cenu ce\u013cvedi.","breadcrumb":{"@id":"https:\/\/www.checkedholidays.com\/lv\/tenerife-laiks-un-kad-doties-uz-to\/#breadcrumb"},"inLanguage":"lv-LV","potentialAction":[{"@type":"ReadAction","target":["https:\/\/www.checkedholidays.com\/lv\/tenerife-laiks-un-kad-doties-uz-to\/"]}]},{"@type":"ImageObject","inLanguage":"lv-LV","@id":"https:\/\/www.checkedholidays.com\/lv\/tenerife-laiks-un-kad-doties-uz-to\/#primaryimage","url":"https:\/\/i0.wp.com\/www.checkedholidays.com\/wp-content\/uploads\/2022\/01\/Tenerife-Weather-Sunshine-and-daylight-.png?fit=1010%2C622&ssl=1","contentUrl":"https:\/\/i0.wp.com\/www.checkedholidays.com\/wp-content\/uploads\/2022\/01\/Tenerife-Weather-Sunshine-and-daylight-.png?fit=1010%2C622&ssl=1","width":1010,"height":622},{"@type":"BreadcrumbList","@id":"https:\/\/www.checkedholidays.com\/lv\/tenerife-laiks-un-kad-doties-uz-to\/#breadcrumb","itemListElement":[{"@type":"ListItem","position":1,"name":"Home","item":"https:\/\/www.checkedholidays.com\/lv\/"},{"@type":"ListItem","position":2,"name":"Tenerife: Laiks un kad doties uz"}]},{"@type":"WebSite","@id":"https:\/\/www.checkedholidays.com\/lv\/#website","url":"https:\/\/www.checkedholidays.com\/lv\/","name":"CheckedHolidays","description":"Spanish island holidays... but better!","potentialAction":[{"@type":"SearchAction","target":{"@type":"EntryPoint","urlTemplate":"https:\/\/www.checkedholidays.com\/lv\/?s={search_term_string}"},"query-input":{"@type":"PropertyValueSpecification","valueRequired":true,"valueName":"search_term_string"}}],"inLanguage":"lv-LV"},{"@type":"Person","@id":"https:\/\/www.checkedholidays.com\/lv\/#\/schema\/person\/3828a7a42729238a4fc4d64e5fba96e4","name":"Ive","image":{"@type":"ImageObject","inLanguage":"lv-LV","@id":"https:\/\/secure.gravatar.com\/avatar\/b77a998d224c6c571e55e9c45c7f21c69b09df2c3dc1c54c6cd6f46ad4c88d26?s=96&d=mm&r=g","url":"https:\/\/secure.gravatar.com\/avatar\/b77a998d224c6c571e55e9c45c7f21c69b09df2c3dc1c54c6cd6f46ad4c88d26?s=96&d=mm&r=g","contentUrl":"https:\/\/secure.gravatar.com\/avatar\/b77a998d224c6c571e55e9c45c7f21c69b09df2c3dc1c54c6cd6f46ad4c88d26?s=96&d=mm&r=g","caption":"Ive"},"description":"Hi, I'm Ive. I lived, worked and travelled on the Spanish Islands for over 20 years. It is there that I started the YouTube channel (www.youtube.com\/@checkedholidays) and website (www.checkedholidays.com) to help people have better holidays on the islands. This hobby turned into a fulltime job and mission overtime.","sameAs":["https:\/\/www.checkedholidays.com\/about\/","https:\/\/www.youtube.com\/@checkedholidays"]}]}},"jetpack_featured_media_url":"https:\/\/i0.wp.com\/www.checkedholidays.com\/wp-content\/uploads\/2022\/01\/Tenerife-Weather-Sunshine-and-daylight-.png?fit=1010%2C622&ssl=1","jetpack_sharing_enabled":true,"_links":{"self":[{"href":"https:\/\/www.checkedholidays.com\/lv\/wp-json\/wp\/v2\/posts\/61198","targetHints":{"allow":["GET"]}}],"collection":[{"href":"https:\/\/www.checkedholidays.com\/lv\/wp-json\/wp\/v2\/posts"}],"about":[{"href":"https:\/\/www.checkedholidays.com\/lv\/wp-json\/wp\/v2\/types\/post"}],"author":[{"embeddable":true,"href":"https:\/\/www.checkedholidays.com\/lv\/wp-json\/wp\/v2\/users\/1"}],"replies":[{"embeddable":true,"href":"https:\/\/www.checkedholidays.com\/lv\/wp-json\/wp\/v2\/comments?post=61198"}],"version-history":[{"count":5,"href":"https:\/\/www.checkedholidays.com\/lv\/wp-json\/wp\/v2\/posts\/61198\/revisions"}],"predecessor-version":[{"id":103063,"href":"https:\/\/www.checkedholidays.com\/lv\/wp-json\/wp\/v2\/posts\/61198\/revisions\/103063"}],"wp:featuredmedia":[{"embeddable":true,"href":"https:\/\/www.checkedholidays.com\/lv\/wp-json\/wp\/v2\/media\/61251"}],"wp:attachment":[{"href":"https:\/\/www.checkedholidays.com\/lv\/wp-json\/wp\/v2\/media?parent=61198"}],"wp:term":[{"taxonomy":"category","embeddable":true,"href":"https:\/\/www.checkedholidays.com\/lv\/wp-json\/wp\/v2\/categories?post=61198"},{"taxonomy":"post_tag","embeddable":true,"href":"https:\/\/www.checkedholidays.com\/lv\/wp-json\/wp\/v2\/tags?post=61198"}],"curies":[{"name":"wp","href":"https:\/\/api.w.org\/{rel}","templated":true}]}}